{"id":211304,"date":"2021-08-31T14:55:04","date_gmt":"2021-08-31T12:55:04","guid":{"rendered":"https:\/\/www.cronacaonline.it\/?p=211304"},"modified":"2021-08-31T14:55:05","modified_gmt":"2021-08-31T12:55:05","slug":"pl-284-parere-favorevole-della-quarta-commissione-su-ambiente-trasporti-e-urbanistica","status":"publish","type":"post","link":"https:\/\/www.cronacaonline.it\/index.php\/2021\/08\/31\/pl-284-parere-favorevole-della-quarta-commissione-su-ambiente-trasporti-e-urbanistica\/","title":{"rendered":"PL 284, parere favorevole della Quarta commissione su Ambiente, Trasporti e Urbanistica."},"content":{"rendered":"\n<p>Cagliari, 31 Ago 2021\u00a0- La commissione Governo del Territorio, presieduta da Giuseppe Talanas (FI), ha approvato a maggioranza con l\u2019astensione dei consiglieri di minoranza, i pareri sulle parti di competenza della proposta di legge 284 \u201cDisposizioni di carattere istituzionale-finanziario e in materia di sviluppo economico e sociale\u201d. Nel corso della seduta sono stati sentiti in audizione l\u2019assessore regionale dei Trasporti, Giorgio Todde, con la direttrice generale dell\u2019assessorato, Gabriella Massidda, e l\u2019assessore regionale dell\u2019Ambente, Gianni Lampis.<\/p>\n\n\n\n<p>In materia di trasporti sono stati illustrati ai commissari gli articoli 10 e 19. Il primo prevede per il 2021 l\u2019istituzione di un fondo di 15 milioni di euro a sostegno dei gestori aeroportuali e dei prestatori di servizi aeroportuali di assistenza a terra, che&nbsp;operano nell\u2019Isola. Il Fondo \u00e8 finalizzato all\u2019erogazione di un contributo integrativo \u2013 come spiegato dall\u2019assessore e dalla direttrice \u2013 pari alla differenza tra il contributo statale riconosciuto e quello erogabile dal Ministero delle infrastrutture e della mobilit\u00e0 sostenibili nell\u2019ambito delle misure compensative previste dalla legge n. 178 del 2020, finalizzata a mitigare gli effetti economici sull\u2019intero settore aeroportuale, derivanti dall\u2019emergenza epidemiologica da Covid19. Secondo Massidda la dotazione nazionale \u00e8 insufficiente a coprire l\u2019intero fabbisogno derivante dalle perdite subite dalle societ\u00e0 di gestione aeroportuale e prestatori di servizi aeroportuali di assistenza a terra. Con questa norma sar\u00e0 possibile integrare quanto erogato dal governo nazionale. La direttrice ha anche sottolineato che il Ministero sta effettuando le verifiche tra gli importi richiesti e quelli realmente spettanti su tutto il territorio nazionale, cos\u00ec che anche la Regione avr\u00e0 l\u2019entit\u00e0 esatta dei ristori spettanti e si eviter\u00e0 una sovracompensazione. Sul secondo articolo, la direttrice ha spiegato che si tratta di una norma che ha l\u2019obiettivo di mitigare gli effetti negativi dell\u2019emergenza epidemiologica da Covid 19 assicurando continuit\u00e0 aziendale per i gestori di servizi di trasporto pubblico locale e regionale su gomma e metro attraverso la ridefinizione degli affidamenti che consente di avere un riequilibrio economico e giuridico all' interno dei contratti. Massidda ha sottolineato che i contratti sono molto datati e che \u00e8 necessario licenziare quanto prima la riforma del trasporto pubblico locale. Sul tema sono intervenuti i consiglieri Valter Piscedda (Pd), Maria Laura Orr\u00f9 (Progressisti) e Roberto Li Gioi (M5S). Piscedda, in particolare, ha chiesto un maggiore coinvolgimento della commissione nella definizione dei regolamenti e dei criteri da applicare in materia di contratti. Dall\u2019opposizione \u00e8 stata avanzata anche la richiesta di convocare una seduta per discutere di continuit\u00e0 territoriale.<\/p>\n\n\n\n<p>La Commissione ha poi sentito l\u2019assessore Lampis sugli articoli 1 e 26. Il primo articolo della proposta di legge riguarda gli interventi per fronteggiare gli effetti calamitosi dovuti alla diffusione degli incendi boschivi e di interfaccia nel territorio dell\u2019oristanese nelle giornate dal 23 al 30 luglio 2021. In particolare si tratta di uno stanziamento complessivo di 20 milioni di euro: 10milioni per l\u2019erogazione di contributi a favore dei soggetti privati e attivit\u00e0 produttive, comprese quelle agricole che siano stati danneggiati dall\u2019incendio; 7 milioni destinati alla concessione di contributi a favore degli enti locali e dell\u2019Agenzia forestale regionale per lo sviluppo del territorio e dell\u2019ambiente della Sardegna per interventi di ripristino delle strutture e infrastrutture danneggiate e delle condizioni di sicurezza, nonch\u00e9 per interventi rivolti alla mitigazione del dissesto idrogeologico delle aree interessate dall\u2019incendio; gli altri 3 milioni di euro destinati a favore degli enti locali per i primi urgenti interventi a sostegno degli imprenditori agricoli che hanno subito danni alle scorte a seguito dell'incendio. L\u2019assessore ha annunciato che sar\u00e0 utilizzato lo stesso metodo adottato in occasione dell\u2019alluvione di Bitti, che ha consentito tempi celeri nell\u2019erogazione delle risorse. Lampis ha anche annunciato che Forestas ha gi\u00e0 ricevuto l\u2019incarico di avviare i lavori pi\u00f9 urgenti in previsione dell\u2019autunno e che saranno acquistati mezzi antincendio per oltre 2 milioni di euro, per la prossima stagione estiva. L\u2019esponente della Giunta ha anche sottolineato l\u2019importanza di avviare al pi\u00f9 presto i concorsi per il Corpo forestale, il cui personale ha un\u2019et\u00e0 media di 58 anni, e per Forestas, i cui lavoratori hanno un\u2019et\u00e0 media di 59 anni, che quindi presto andranno in pensione. Lampis ha anche sottolineato che \u00e8 necessario sollecitare il Governo nazionale affinch\u00e9 aumenti la dotazione dei mezzi aerei per il contrasto agli incendi. Sul tema sono intervenuti per l\u2019opposizione Valter Piscedda (Pd), Maria Laura Orr\u00f9 (Progressisti), Roberto Li Gioi (M5S) e Francesco Agus (capogruppo Progressisti), i quali hanno invitato la commissione e l\u2019assessore a lavorare insieme su un piano di prevenzione che consenta al governo regionale, di oggi e di domani, di contrastare efficacemente il grave problema degli incendi e del dissesto idrogeologico. Sui ritardi nell\u2019erogazione dei contributi alle comunit\u00e0 colpite da eventi calamitosi \u00e8 intervenuto il capogruppo del Psd\u2019Az, Franco Mula, che ha chiesto alla Giunta di avere il coraggio di sollevare dagli incarichi chi non \u00e8 in grado di dare seguito alle norme approvate dal Consiglio regionale. Pierluigi Saiu, consigliere regionale della Lega e presidente della Prima commissione, ha proposto al presidente Talanas di convocare una seduta con l\u2019audizione dei sindaci interessati dagli eventi calamitosi per capire quale sia il problema di questi ritardi inaccettabili nell\u2019erogazione delle risorse. Saiu ha proposto di lavorare insieme, maggioranza e opposizione, per capire prima dove sia il problema: se si tratti di persone, di norme non chiare o di sovrapposizioni di norme, e poi decidere come intervenire. Sulla proposta si \u00e8 detto d\u2019accordo anche il capogruppo di FDI, Francesco Mura. Via libera anche al parere sull\u2019articolo 26 che prevede un indennizzo per l\u2019utilizzo da parte di Forestas di terreni sottoposti a usi civici. La commissione, ha infine, dato parere favorevole, a maggioranza,&nbsp;agli articoli 13 e 14 in materia di Urbanistica.&nbsp;Com<\/p>\n","protected":false},"excerpt":{"rendered":"<p>Cagliari, 31 Ago 2021\u00a0&#8211; La commissione Governo del Territorio, presieduta da Giuseppe Talanas (FI), ha approvato a maggioranza con l\u2019astensione dei consiglieri di minoranza, i&#8230;<\/p>\n","protected":false},"author":2,"featured_media":192512,"comment_status":"closed","ping_status":"open","sticky":false,"template":"","format":"standard","meta":[],"categories":[49,52],"tags":[],"_links":{"self":[{"href":"https:\/\/www.cronacaonline.it\/index.php\/wp-json\/wp\/v2\/posts\/211304"}],"collection":[{"href":"https:\/\/www.cronacaonline.it\/index.php\/wp-json\/wp\/v2\/posts"}],"about":[{"href":"https:\/\/www.cronacaonline.it\/index.php\/wp-json\/wp\/v2\/types\/post"}],"author":[{"embeddable":true,"href":"https:\/\/www.cronacaonline.it\/index.php\/wp-json\/wp\/v2\/users\/2"}],"replies":[{"embeddable":true,"href":"https:\/\/www.cronacaonline.it\/index.php\/wp-json\/wp\/v2\/comments?post=211304"}],"version-history":[{"count":1,"href":"https:\/\/www.cronacaonline.it\/index.php\/wp-json\/wp\/v2\/posts\/211304\/revisions"}],"predecessor-version":[{"id":211305,"href":"https:\/\/www.cronacaonline.it\/index.php\/wp-json\/wp\/v2\/posts\/211304\/revisions\/211305"}],"wp:featuredmedia":[{"embeddable":true,"href":"https:\/\/www.cronacaonline.it\/index.php\/wp-json\/wp\/v2\/media\/192512"}],"wp:attachment":[{"href":"https:\/\/www.cronacaonline.it\/index.php\/wp-json\/wp\/v2\/media?parent=211304"}],"wp:term":[{"taxonomy":"category","embeddable":true,"href":"https:\/\/www.cronacaonline.it\/index.php\/wp-json\/wp\/v2\/categories?post=211304"},{"taxonomy":"post_tag","embeddable":true,"href":"https:\/\/www.cronacaonline.it\/index.php\/wp-json\/wp\/v2\/tags?post=211304"}],"curies":[{"name":"wp","href":"https:\/\/api.w.org\/{rel}","templated":true}]}}