{"id":211241,"date":"2021-08-30T09:17:06","date_gmt":"2021-08-30T07:17:06","guid":{"rendered":"https:\/\/www.cronacaonline.it\/?p=211241"},"modified":"2021-08-30T09:17:08","modified_gmt":"2021-08-30T07:17:08","slug":"grattacielo-in-fiamme-a-milano-ancora-in-corso-le-operazioni-di-spegnimento-nessuna-vittima","status":"publish","type":"post","link":"https:\/\/www.cronacaonline.it\/index.php\/2021\/08\/30\/grattacielo-in-fiamme-a-milano-ancora-in-corso-le-operazioni-di-spegnimento-nessuna-vittima\/","title":{"rendered":"Grattacielo in fiamme a Milano: ancora in corso le operazioni di spegnimento. Nessuna vittima."},"content":{"rendered":"\n<p>Milano, 30 Ago 2021 - Tanta paura per l'incendio scoppiato nel grattacielo \"Torre del Moro\", complesso residenziale che ospita 60 famiglie. Mentre sono in corso\u00a0le operazioni di spegnimento in via Antonini, in zona Famagosta a Sud di Milano, rincuora sapere che non c'\u00e8 alcuna vittima. I vigili del fuoco sono entrati per \"sfondare, una dopo l'altra, tutte le porte e accertarsi che le persone fossero uscite\", ha dichiarato il presidente della Lombardia Attilio Fontana il giorno dopo la vicenda. I\u00a0residenti sono stati evacuati o raggiunti telefonicamente, incluso l'artista Mahmood, di cui inizialmente non si avevano notizie.<\/p>\n\n\n\n<p>La drammaticit\u00e0 di quei momenti \u00e8 testimoniata dagli abitanti e da un altro artista che abita da poco pi\u00f9 di un mese accanto allo stabile:&nbsp;\"Cadevano i pezzi della facciata e c'era tanto fumo, oltre all'incendio. \u00c8 stata una scena allucinante, le&nbsp;fiamme erano altissime. Ci siamo spaventati e siamo scappati\", racconta Morgan su Instagram:&nbsp;\"Stavamo in casa, \u00e8 scoppiato un incendio, \u00e8 incredibile c'\u00e8 un grattacielo che sta andando&nbsp;completamente a fuoco. \u00c8&nbsp;una cosa assurda, allucinante, stavamo per andare a fuoco anche noi, stavamo nella casa di fianco. \u00c8 incredibile, non ho neanche preso le chiavi di casa perch\u00e9 sono scappato subito, appena ho sentito il calore in casa\".<\/p>\n\n\n\n<figure class=\"wp-block-embed-youtube wp-block-embed is-type-video is-provider-youtube wp-embed-aspect-16-9 wp-has-aspect-ratio\"><div class=\"wp-block-embed__wrapper\">\n<iframe loading=\"lazy\" title=\"Milano, grattacielo in fiamme: l&#039;arrivo dei soccorsi\" width=\"500\" height=\"281\" src=\"https:\/\/www.youtube.com\/embed\/Ms0fLmhsB8c?feature=oembed\" frameborder=\"0\" allow=\"accelerometer; autoplay; clipboard-write; encrypted-media; gyroscope; picture-in-picture\" allowfullscreen><\/iframe>\n<\/div><\/figure>\n\n\n\n<p>Sar\u00e0 compito della magistratura stabilire le cause delle fiamme, che sembra siano partite dalla facciata, composta, secondo i residenti, da materiale ignifugo. Tema ripreso dal&nbsp;professor&nbsp;Angelo Lucchini, docente di Architettura tecnica al Politecnico di Milano&nbsp;ed esperto di edifici alti e complessi e di questioni legate alla sicurezza e al fuoco: \"Posso fare solo delle ipotesi sulla base di quel che vedo e di quel che leggo. Mi viene da dire una cosa: visto che il fuoco pare si sia propagato solo all'esterno, se qualcosa non ha funzionato riguarda esclusivamente l'involucro e in particolare&nbsp;il suo rivestimento. Significa cio\u00e8 che il sistema di sicurezza interno ha funzionato\".<\/p>\n\n\n\n<p>Per Lucchini il palazzo all'esterno si \u00e8 acceso come un fiammifero \"perch\u00e9 il rivestimento \u00e8 stato realizzato con materiale combustibile, in grado di reagire rapidamente all'innesco che, per quanto \u00e8 dato sapere, pare sia avvenuto a un piano alto\" sottolinea l'esperto, facendo notare che per le facciate \"\u00e8 inappropriato e non si concilia con i requisiti di sicurezza rispetto al fuoco previsti dal ministero dell'Interno per gli edifici civili\". Un obbligo non esiste, rimarca ancora Lucchini: \"Le linee guida preparate dai vigili del fuoco per il ministero, fatte peraltro molto bene, hanno valore di raccomandazione. \u00c8 per\u00f2 auspicabile che, anche alla luce di questo caso milanese, si acceleri il passaggio a un livello obbligatorio\".<\/p>\n\n\n\n<p>Tra il grattacielo di via Antonini e la Grenfell Tower di Londra, che si era&nbsp;incendiata velocemente \"c'\u00e8 una forte analogia - conclude Lucchini -. Nel caso milanese fortunatamente non vi sono stati problemi di evacuazione grazie al probabile rispetto delle regole costruttive sulla compartimentazione che hanno evitato alle fiamme di aggredire i piani interni. A Londra invece no ed \u00e8 stata una tragedia\".<\/p>\n\n\n\n<p>\u201cCi avevano detto che i pannelli che ricoprivano il palazzo erano ignifughi, invece sono bruciati rapidamente come fossero burro\". Cos\u00ec ha raccontato all'Ansa una delle condomine del palazzo. \"Saranno i tecnici a fare una verifica, ma ricordo perfettamente che ci avevano detto che i pannelli erano resistenti al fuoco\u201d. \u201cAbbiamo sentito odore di fumo e siamo subito scappati via, non pensavo fosse cos\u00ec grave\". \u00c8 il racconto di un\u2019altra inquilina sfuggita alle fiamme. \"I Vigili del fuoco mi hanno detto che sarebbe partito dall'altro lato del mio piano - ha continuato la donna - dove vive un ragazzo che dovrebbe essersi messo in salvo\".<\/p>\n","protected":false},"excerpt":{"rendered":"<p>Milano, 30 Ago 2021 &#8211; Tanta paura per l&#8217;incendio scoppiato nel grattacielo &#8220;Torre del Moro&#8221;, complesso residenziale che ospita 60 famiglie. Mentre sono in corso\u00a0le&#8230;<\/p>\n","protected":false},"author":2,"featured_media":211239,"comment_status":"closed","ping_status":"open","sticky":false,"template":"","format":"standard","meta":[],"categories":[49,51],"tags":[],"_links":{"self":[{"href":"https:\/\/www.cronacaonline.it\/index.php\/wp-json\/wp\/v2\/posts\/211241"}],"collection":[{"href":"https:\/\/www.cronacaonline.it\/index.php\/wp-json\/wp\/v2\/posts"}],"about":[{"href":"https:\/\/www.cronacaonline.it\/index.php\/wp-json\/wp\/v2\/types\/post"}],"author":[{"embeddable":true,"href":"https:\/\/www.cronacaonline.it\/index.php\/wp-json\/wp\/v2\/users\/2"}],"replies":[{"embeddable":true,"href":"https:\/\/www.cronacaonline.it\/index.php\/wp-json\/wp\/v2\/comments?post=211241"}],"version-history":[{"count":1,"href":"https:\/\/www.cronacaonline.it\/index.php\/wp-json\/wp\/v2\/posts\/211241\/revisions"}],"predecessor-version":[{"id":211242,"href":"https:\/\/www.cronacaonline.it\/index.php\/wp-json\/wp\/v2\/posts\/211241\/revisions\/211242"}],"wp:featuredmedia":[{"embeddable":true,"href":"https:\/\/www.cronacaonline.it\/index.php\/wp-json\/wp\/v2\/media\/211239"}],"wp:attachment":[{"href":"https:\/\/www.cronacaonline.it\/index.php\/wp-json\/wp\/v2\/media?parent=211241"}],"wp:term":[{"taxonomy":"category","embeddable":true,"href":"https:\/\/www.cronacaonline.it\/index.php\/wp-json\/wp\/v2\/categories?post=211241"},{"taxonomy":"post_tag","embeddable":true,"href":"https:\/\/www.cronacaonline.it\/index.php\/wp-json\/wp\/v2\/tags?post=211241"}],"curies":[{"name":"wp","href":"https:\/\/api.w.org\/{rel}","templated":true}]}}