{"id":211154,"date":"2021-08-27T15:29:56","date_gmt":"2021-08-27T13:29:56","guid":{"rendered":"https:\/\/www.cronacaonline.it\/?p=211154"},"modified":"2021-08-27T15:29:58","modified_gmt":"2021-08-27T13:29:58","slug":"afghanistan-il-capo-del-comando-centrale-usa-ci-prepariamo-ad-altri-attacchi-isis-a-kabul","status":"publish","type":"post","link":"https:\/\/www.cronacaonline.it\/index.php\/2021\/08\/27\/afghanistan-il-capo-del-comando-centrale-usa-ci-prepariamo-ad-altri-attacchi-isis-a-kabul\/","title":{"rendered":"Afghanistan, il capo del comando centrale Usa: &#8220;Ci prepariamo ad altri attacchi Isis a Kabul&#8221;."},"content":{"rendered":"\n<p>Cagliari, 27 Ago 2021 - Oltre 170 persone sono rimaste uccise ieri in seguito al doppio attentato Isis all'aeroporto di Kabul. 13 soldati Usa- che cadono sul campo a pochi giorni dall'attacco kamikaze che, sempre a Kabul, ne uccise una trentina il 6 agosto del 2011- e almeno 160\u00a0civili afghani. Due kamikaze, nel pomeriggio italiano, si sono fatti saltare in aria tra la folla che preme all'esterno dello scalo da giorni per riuscire a salire su uno degli ultimi voli di evacuazione. In mattinata, l'allarme degli 007, che indicavano come \"imminenti\" attentati contro l'aeroporto per mano dell'Isis.<\/p>\n\n\n\n<p>Queste sono le ore delle lacrime del presidente Usa, Joe Biden, che promette: \"colpiremo con forza\". Parole risuonate durante il discorso alla nazione di ieri sera. La sua decisione di porre fine alla guerra pi\u00f9 lunga d'America \u00e8 stata guidata, ha detto pi\u00f9 volte, dalla determinazione a non sacrificare nemmeno un altro membro dell'esercito per una causa che non \u00e8 pi\u00f9 nell'interesse degli Stati Uniti. Non \u00e8 andata cos\u00ec. Il ritiro in atto ha provocato&nbsp;le prime vittime americane in Afghanistan in 18 mesi. E fissato&nbsp;il giorno pi\u00f9 letale per le forze armate Usa dal quel 2011.<\/p>\n\n\n\n<figure class=\"wp-block-image size-large is-resized\"><img loading=\"lazy\" src=\"https:\/\/www.cronacaonline.it\/wp-content\/uploads\/2021\/08\/Dopo-attentato-aeroporto-Kabul-con-oltre-130-morti.jpg\" alt=\"\" class=\"wp-image-211155\" width=\"743\" height=\"495\" srcset=\"https:\/\/www.cronacaonline.it\/wp-content\/uploads\/2021\/08\/Dopo-attentato-aeroporto-Kabul-con-oltre-130-morti.jpg 600w, https:\/\/www.cronacaonline.it\/wp-content\/uploads\/2021\/08\/Dopo-attentato-aeroporto-Kabul-con-oltre-130-morti-300x200.jpg 300w\" sizes=\"(max-width: 743px) 100vw, 743px\" \/><\/figure>\n\n\n\n<p>Gli Usa si preparano ad altri attacchi terroristici da parte dell'Isis, che potrebbero includere l'uso di autobombe&nbsp;e razzi contro l'aeroporto di Kabul.&nbsp;\"Crediamo che vogliano continuare quegli attacchi e ci aspettiamo che quegli attacchi continuino\", ha detto il capo del comando centrale, Kenneth McKenzie.<\/p>\n\n\n\n<p>\"Le bandiere di tutti e 30 gli Alleati sono a mezz'asta al quartier generale della Nato, dopo il terribile attacco terroristico all'esterno dell'aeroporto di Kabul. Piangiamo tutte le vittime. Onoriamo il personale Usa che ha perso la vita per mettere in salvo altri: non sar\u00e0 mai dimenticato\" ha scritto il segretario generale della Nato, Jens Stoltenberg, su Twitter.<\/p>\n\n\n\n<p>Dall'Europa alla Cina, dalla Turchia e dalla Russia arrivano parole di ferma condanna per quello che i pi\u00f9 definiscono un attentato \"abominevole\", si moltiplicano gli appelli affinch\u00e9 l'occidente \"combatta unito\" il terrorismo.&nbsp;<\/p>\n\n\n\n<p>\"Dovremmo vigilare affinch\u00e9 il Paese non&nbsp; torni a&nbsp;essere un rifugio sicuro per il terrorismo e concordare a&nbsp;livello internazionale una strategia per gestire l'impatto migratorio\" dall'Afghanistan e a Lavrov ho sottolineato l' \"importanza di giungere a un approccio internazionale unitario perch\u00e9 solo un'azione globale&nbsp;potr\u00e0 essere efficace nei confronti delle nuove autorit\u00e0 di Kabul\" ha dichiarato il ministro degli Esteri, Luigi Di Maio, nel corso di un punto stampa congiunto alla Farnesina con il suo omologo russo, Sergei Lavrov, oggi a Roma per partecipare al G20.<\/p>\n\n\n\n<p>\u00c8 intanto partito da Kabul&nbsp;l'ultimo C-130 italiano&nbsp;del ponte aereo allestito per mettere in salvo i profughi.&nbsp;Sul volo, il console Claudi, l'ambasciatore Pontecorvo e tutti i militari&nbsp;italiani. Stasera giungeranno a Fiumicino anche altri due velivoli provenienti da Kuwait city, tappa intermedia per i voli dall'Afghanistan, dopo quello atterrato in mattinata con 106 profughi a bordo.<\/p>\n\n\n\n<p>Risponderemo \"con forza e precisione\" in Afghanistan, ha detto Biden. Il presidente Usa in lacrime ieri nel suo discorso tv: \"Ve la faremo pagare: siamo pronti a inviare altre truppe se necessario e l'evacuazione va avanti\", ha assicurato.<\/p>\n\n\n\n<p>Con i voli delle ultime 24 ore \u00e8 stato superato il muro delle 100mila persone evacuate da Kabul dal 14 agosto, in uno dei ponti aerei pi\u00f9 grandi della storia. Lo riferisce la Casa Bianca, ricordando che dal giorno dell'entrata dei talebani nella capitale afghana sono state portate via 100.100 persone.&nbsp;<\/p>\n\n\n\n<p>\"Non \u00e8 giorno per la politica\". Questo il commento della Casa Bianca alle richieste di dimissioni da presidente di Joe Biden lanciate dal suo predecessore, Donald Trump. \"Questo \u00e8 il giorno in cui dodici militari americani sono rimasti uccisi - ha commentato la portavoce della Casa Bianca, Jen Psaki - non \u00e8 giorno per la politica e noi ci aspettiamo che ogni americano, eletto o no, stia al nostro fianco nel compito di trovare e colpire gli assassini, ovunque essi vivano. E per onorare la memoria dei nostri militari. Questo \u00e8 il significato di questa giornata\".<\/p>\n\n\n\n<p>La Casa Bianca ha chiarito le parole di Joe Biden riguardo quel \"verremo a prendervi e ve la faremo pagare\". La portavoce ha spiegato che non si tratta d'inviare di nuovo migliaia di soldati. \"Ci\u00f2 di cui stiamo parlando - ha spiegato Jen Psaki - \u00e8 vendicare quelle morti provocate dai terroristi. Non parliamo di mandare decine di migliaia di soldati di nuovo in Afghanistan per una guerra senza fine che abbiamo combattuto per vent'anni\". La portavoce ha inoltre ribadito che Biden \"non ha mai considerato di cambiare la scadenza del 31 agosto\".&nbsp; \"Il presidente - ha aggiunto - ha dato ascolto al consiglio dei comandanti, che continuano a ritenere essenziale andare via entro la scadenza. Questo \u00e8 il loro consiglio\".<\/p>\n\n\n\n<p>\"Condanno questo orrendo, vile attacco contro persone inermi che cercano la libert\u00e0. Ringrazio tutti gli italiani che si prodigano in questo straordinario sforzo umanitario per salvare i cittadini afghani\" ha&nbsp;dichiarato il presidente del Consiglio Mario Draghi. Draghi ha incontrato ohhi a palazzo Chigi il ministro degli Esteri della Federazione Russa, Sergey Lavrov. Al centro dei colloqui la situazione in Afghanistan.<\/p>\n\n\n\n<p>\"Coraggiosi soldati statunitensi sono stati uccisi e feriti oggi all'aeroporto di Kabul offrendo l'estremo sacrificio salvando vite. Le mie pi\u00f9 sentite condoglianze alle loro famiglie e al segretario della Difesa Usa Austin. L'Italia sta saldamente con gli Stati Uniti d'America\". Lo scrive su Twitter il ministro della Difesa Lorenzo Guerini.<\/p>\n\n\n\n<p>Questa mattina sono sbarcate a Fiumicino anche quattro calciatrici della squadra femminile di Herat. Lo si apprende a Firenze dalla ong Cospe che ha seguito tutte le fasi insieme alle autorit\u00e0 italiane attive sul posto. Con loro ci sono l'allenatore e i familiari tra cui bimbi. Il gruppo \u00e8 di 15 persone. Altre componenti della squadra non ce l'hanno fatta ad arrivare nella capitale, altre non sono partite da Herat, alcune ben prima dell'occupazione di Kabul da parte dei talebani erano emigrate in Iran.<\/p>\n\n\n\n<p>La polizia di frontiera pakistana ha aperto il fuoco&nbsp;- scrive l'Agi - contro una decina di afghani che stavano cercando di passare illegalmente la frontiera, vicino al valico di Torkham, nel Nord-Ovest del Pakistan. Secondo fonti dell'agenzia russa Ria Novosti sono state uccise tre persone.<\/p>\n\n\n\n<p>La Gran Bretagna \u00e8 entrata nell'ultima fase dell'operazione di evacuazione e nessun altro verr\u00e0 convocato all'aeroporto per lasciare il Paese, ha reso noto il ministro della Difesa Ben Wallace.\"\u00c8 un profondo dispiacere che non riusciremo a evacuare tutti in questa fase\", ha detto Wallace a Sky News aggiungendo che la missione \u00e8 nelle sue \"ore\" conclusive dopo la chiusura del centro di smistamento dell Baron Hotel, nei pressi dell'aeroporto di Kabul \"alle 4:30 di stamattina, ora di Londra\", e alla stessa ora \"sono stati chiusi gli ingressi all'Abbey Gate\". \"Gestiremo le persone che abbiamo portato con noi, i circa 1.000 all'aeroporto e cercheremo un modo di continuare a trovare le persone tra la folla dove possiamo, ma la parte generale della selezione \u00e8 chiusa adesso ed \u00e8 questione di ore\".<\/p>\n\n\n\n<p>Il governo australiano ha terminato le operazioni di evacuazione in Afghanistan, spiegando che le sue truppe hanno lasciato il Paese prima del doppio attacco avvenuto ieri all'aeroporto di Kabul. \"Posso confermare che non molto tempo prima dell'attacco le truppe australiane e il resto del nostro personale erano in marcia e fuori da Kabul\", ha annunciato il ministro della Difesa Peter Dutton. L'Australia ha evacuato un totale di 4.000 persone su 29 voli delle forze armate del Paese da quando i talebani hanno preso il controllo della capitale afghana a met\u00e0 agosto, ha confermato il ministro.<\/p>\n\n\n\n<p>Durante un'intervista alla Cnn, il capo del Governo albanese ha affermato che la Costituzione afferma chiaramente che \"la casa albanese appartiene a Dio e all'ospite\", sottolineando che chiunque volesse ha la possibilit\u00e0 di residenza permanente. Rama ha confermato che in Albania arriveranno 4mila afgani.<\/p>\n\n\n\n<p>Il portavoce dei talebani Zabihullah Mujahid ha smentito che il gruppo abbia subito perdite nell'attacco di ieri all'aeroporto di Kabul. Parlando alla Bbc ha dichiarato: \"Non abbiamo subito perdite. L'incidente \u00e8 avvenuto in una zona che \u00e8 controllata dalle forze americane\". Una dichiarazione che contraddice quanto riportato da Reuters citando una fonte telabana che parlava di 28 membri del movimento ucciso nel doppio attentato rivendicato dall'Isis.<\/p>\n\n\n\n<p>La commissaria europea agli Affari interni, Ylva Johansson, chiede ai Paesi Ue di sottoporre i rifugiati afghani all'ingresso all'Unione a uno screening sulla sicurezza per mitigare i rischi di terrorismo. L'Europa \"deve assicurarsi di non accogliere persone che potrebbero rappresentare una minaccia alla sicurezza per l'Unione europea\", ha affermato Johansson in una dichiarazione a Politico.<\/p>\n","protected":false},"excerpt":{"rendered":"<p>Cagliari, 27 Ago 2021 &#8211; Oltre 170 persone sono rimaste uccise ieri in seguito al doppio attentato Isis all&#8217;aeroporto di Kabul. 13 soldati Usa- che&#8230;<\/p>\n","protected":false},"author":2,"featured_media":211120,"comment_status":"closed","ping_status":"open","sticky":false,"template":"","format":"standard","meta":[],"categories":[49,50],"tags":[],"_links":{"self":[{"href":"https:\/\/www.cronacaonline.it\/index.php\/wp-json\/wp\/v2\/posts\/211154"}],"collection":[{"href":"https:\/\/www.cronacaonline.it\/index.php\/wp-json\/wp\/v2\/posts"}],"about":[{"href":"https:\/\/www.cronacaonline.it\/index.php\/wp-json\/wp\/v2\/types\/post"}],"author":[{"embeddable":true,"href":"https:\/\/www.cronacaonline.it\/index.php\/wp-json\/wp\/v2\/users\/2"}],"replies":[{"embeddable":true,"href":"https:\/\/www.cronacaonline.it\/index.php\/wp-json\/wp\/v2\/comments?post=211154"}],"version-history":[{"count":1,"href":"https:\/\/www.cronacaonline.it\/index.php\/wp-json\/wp\/v2\/posts\/211154\/revisions"}],"predecessor-version":[{"id":211156,"href":"https:\/\/www.cronacaonline.it\/index.php\/wp-json\/wp\/v2\/posts\/211154\/revisions\/211156"}],"wp:featuredmedia":[{"embeddable":true,"href":"https:\/\/www.cronacaonline.it\/index.php\/wp-json\/wp\/v2\/media\/211120"}],"wp:attachment":[{"href":"https:\/\/www.cronacaonline.it\/index.php\/wp-json\/wp\/v2\/media?parent=211154"}],"wp:term":[{"taxonomy":"category","embeddable":true,"href":"https:\/\/www.cronacaonline.it\/index.php\/wp-json\/wp\/v2\/categories?post=211154"},{"taxonomy":"post_tag","embeddable":true,"href":"https:\/\/www.cronacaonline.it\/index.php\/wp-json\/wp\/v2\/tags?post=211154"}],"curies":[{"name":"wp","href":"https:\/\/api.w.org\/{rel}","templated":true}]}}