{"id":211035,"date":"2021-08-24T15:37:02","date_gmt":"2021-08-24T13:37:02","guid":{"rendered":"https:\/\/www.cronacaonline.it\/?p=211035"},"modified":"2021-08-24T15:37:03","modified_gmt":"2021-08-24T13:37:03","slug":"a-cagliari-173-sanitari-sardi-si-ribellano-alla-sospensione-dal-lavoro-e-ricorrono-al-tar-contro-lobbligo-vaccinale","status":"publish","type":"post","link":"https:\/\/www.cronacaonline.it\/index.php\/2021\/08\/24\/a-cagliari-173-sanitari-sardi-si-ribellano-alla-sospensione-dal-lavoro-e-ricorrono-al-tar-contro-lobbligo-vaccinale\/","title":{"rendered":"A Cagliari 173 sanitari sardi si ribellano alla sospensione dal lavoro e ricorrono al Tar contro l&#8217;obbligo vaccinale."},"content":{"rendered":"\n<p>Cagliari, 24 Ago 2021 \u2013 Gli operatori sanitari alle dipendenze dell\u2019Ats Cagliari, sospesi dal servizio si ribellano perch\u00e9 non vogliono ottemperare all\u2019obbligo del vaccino. Infatti 173 tra i medici, infermieri e Oss, che hanno presentato il primo ricorso al Tar del capoluogo sardo, contro l'obbligo di sottoporsi a vaccinazione gratuita per la prevenzione dell'infezione da Sars-cov-2 (Covid 19) ed insieme al ricorso hanno avanzato una richiesta risarcitoria.<\/p>\n\n\n\n<p>Complessivamente sono oltre 500 quelli individuati da Ats che ha gi\u00e0 avviato l'iter per la sospensione dal servizio e inviato le lettere che vietano ai lavoratori di presentarsi al lavoro negli ospedali o negli studi medici convenzionati per poter esercitare e, contestualmente, sospende l'erogazione dello stipendio.<\/p>\n\n\n\n<p>Non si tratta del primo ricorso in assoluto: gi\u00e0 in altre regioni - tra cui Liguria, Lombardia Toscana e Piemonte - sono stati depositati atti simili. E alcuni di questi hanno in comune l'avvocato, Daniele Granara del foro di Genova che sta seguendo appunto anche il ricorso presentato il 18 agosto scorso davanti ai giudici amministrativi della prima sezione del Tar della Sardegna.<\/p>\n\n\n\n<p>Ora si attende la fissazione della prima udienza: il primo giorno utile nel calendario, stilato prima dello stop estivo, \u00e8 a met\u00e0 settembre, ma non \u00e8 improbabile che possa essere discussa anche anticipatamente. Granara, che \u00e8 docente di diritto costituzionale a Genova e Urbino, ha gi\u00e0 presentato l'istanza per ottenere una data per la discussione.<\/p>\n","protected":false},"excerpt":{"rendered":"<p>Cagliari, 24 Ago 2021 \u2013 Gli operatori sanitari alle dipendenze dell\u2019Ats Cagliari, sospesi dal servizio si ribellano perch\u00e9 non vogliono ottemperare all\u2019obbligo del vaccino. Infatti&#8230;<\/p>\n","protected":false},"author":2,"featured_media":199134,"comment_status":"closed","ping_status":"open","sticky":false,"template":"","format":"standard","meta":[],"categories":[49,51],"tags":[],"_links":{"self":[{"href":"https:\/\/www.cronacaonline.it\/index.php\/wp-json\/wp\/v2\/posts\/211035"}],"collection":[{"href":"https:\/\/www.cronacaonline.it\/index.php\/wp-json\/wp\/v2\/posts"}],"about":[{"href":"https:\/\/www.cronacaonline.it\/index.php\/wp-json\/wp\/v2\/types\/post"}],"author":[{"embeddable":true,"href":"https:\/\/www.cronacaonline.it\/index.php\/wp-json\/wp\/v2\/users\/2"}],"replies":[{"embeddable":true,"href":"https:\/\/www.cronacaonline.it\/index.php\/wp-json\/wp\/v2\/comments?post=211035"}],"version-history":[{"count":1,"href":"https:\/\/www.cronacaonline.it\/index.php\/wp-json\/wp\/v2\/posts\/211035\/revisions"}],"predecessor-version":[{"id":211036,"href":"https:\/\/www.cronacaonline.it\/index.php\/wp-json\/wp\/v2\/posts\/211035\/revisions\/211036"}],"wp:featuredmedia":[{"embeddable":true,"href":"https:\/\/www.cronacaonline.it\/index.php\/wp-json\/wp\/v2\/media\/199134"}],"wp:attachment":[{"href":"https:\/\/www.cronacaonline.it\/index.php\/wp-json\/wp\/v2\/media?parent=211035"}],"wp:term":[{"taxonomy":"category","embeddable":true,"href":"https:\/\/www.cronacaonline.it\/index.php\/wp-json\/wp\/v2\/categories?post=211035"},{"taxonomy":"post_tag","embeddable":true,"href":"https:\/\/www.cronacaonline.it\/index.php\/wp-json\/wp\/v2\/tags?post=211035"}],"curies":[{"name":"wp","href":"https:\/\/api.w.org\/{rel}","templated":true}]}}