{"id":210705,"date":"2021-08-13T14:46:13","date_gmt":"2021-08-13T12:46:13","guid":{"rendered":"https:\/\/www.cronacaonline.it\/?p=210705"},"modified":"2021-08-13T14:46:14","modified_gmt":"2021-08-13T12:46:14","slug":"il-fondatore-di-emergency-gino-strada-e-morto-a-73-anni","status":"publish","type":"post","link":"https:\/\/www.cronacaonline.it\/index.php\/2021\/08\/13\/il-fondatore-di-emergency-gino-strada-e-morto-a-73-anni\/","title":{"rendered":"Il fondatore di Emergency Gino Strada \u00e8 morto a 73 anni."},"content":{"rendered":"\n<p>Cagliari, 13 Ago 2021 - \u00c8 morto il fondatore di Emergency Gino Strada,\u00a0aveva 73 anni.<\/p>\n\n\n\n<p>Nato a Sesto San Giovanni il 21 aprile 1948, all'anagrafe Luigi, Gino Strada si era laureato&nbsp;in Medicina e Chirurgia all'Universit\u00e0 Statale di Milano&nbsp;nel 1978, per poi specializzato in Chirurgia d'Urgenza. Dopo essersi specializzato in chirurgia cardiopolmonare negli Stati Uniti durante gli anni Ottanta, nel 1988 si indirizza verso la chirurgia traumatologica e la cura delle vittime di guerra.&nbsp;Tra il1989-1994 lavora con il&nbsp;Comitato internazionale della Croce Rossa&nbsp;in varie zone di conflitto: Pakistan, Etiopia, Per\u00f9, Afghanistan, Somalia e Bosnia ed Erzegovina.&nbsp;Da questa esperienza nasce Emergency, fondata da Gino Strada insieme alla moglie Teresa e a un gruppo di colleghi. L'associazione umanitaria internazionale impegnata nella riabilitazione delle vittime della guerra e delle mine antiuomo dalla sua fondazione nel 1994&nbsp;ha fornito assistenza gratuita&nbsp;milioni di pazienti. Con l'Ong nata 25 anni fa il chirurgo ha promosso la costruzione di ospedali e posti di primo soccorso in 18 Paesi nel mondo.<\/p>\n\n\n\n<p>A dare la notizia della morte&nbsp;sono state fonti vicine alla famiglia secondo cui, apprende l'AGI, il chirurgo al momento del decesso si trovava in Normandia.&nbsp;Proprio oggi sul quotidiano La Stampa era uscito un articolo a sua firma sull'avanzata dei talebani in Afghanistan.<\/p>\n\n\n\n<p>\"Amici, come avrete visto il mio pap\u00e0 non c'\u00e8 pi\u00f9. Non posso rispondere ai vostri tanti messaggi che vedo arrivare, perch\u00e9 sono in mezzo al mare e abbiamo appena fatto un salvataggio\". Lo scrive sui social Cecilia Strada commentando la morte del padre, e fondatore di Emergency, Gino Strada. \"Non ero con lui, ma di tutti i posti dove avrei potuto essere...beh, ero qui con la ResQ - People saving people a salvare vite. \u00c8 quello che mi hanno insegnato mio padre e mia madre. Vi abbraccio tutti, forte, vi sono vicina, e ci sentiamo quando possiamo\", aggiunge.<\/p>\n\n\n\n<p>\"Se ne \u00e8 andato un caro amico, Gino Strada. Gli volevo bene e lui ne voleva a me. In giugno avevo celebrato il suo matrimonio con la dolce Simonetta, una cerimonia riservata come loro desideravano. Di Gino si pu\u00f2 pensare quello che si vuole, ma una cosa \u00e8 certa: ha sempre pensato prima agli altri che non a se stesso. Mi e ci mancherai\". Cos\u00ec il sindaco di Milano Beppe Sala sui suoi profili social sulla scomparsa del fondatore di Emergency.<\/p>\n","protected":false},"excerpt":{"rendered":"<p>Cagliari, 13 Ago 2021 &#8211; \u00c8 morto il fondatore di Emergency Gino Strada,\u00a0aveva 73 anni. Nato a Sesto San Giovanni il 21 aprile 1948, all&#8217;anagrafe&#8230;<\/p>\n","protected":false},"author":2,"featured_media":210707,"comment_status":"closed","ping_status":"open","sticky":false,"template":"","format":"standard","meta":[],"categories":[49,50],"tags":[],"_links":{"self":[{"href":"https:\/\/www.cronacaonline.it\/index.php\/wp-json\/wp\/v2\/posts\/210705"}],"collection":[{"href":"https:\/\/www.cronacaonline.it\/index.php\/wp-json\/wp\/v2\/posts"}],"about":[{"href":"https:\/\/www.cronacaonline.it\/index.php\/wp-json\/wp\/v2\/types\/post"}],"author":[{"embeddable":true,"href":"https:\/\/www.cronacaonline.it\/index.php\/wp-json\/wp\/v2\/users\/2"}],"replies":[{"embeddable":true,"href":"https:\/\/www.cronacaonline.it\/index.php\/wp-json\/wp\/v2\/comments?post=210705"}],"version-history":[{"count":1,"href":"https:\/\/www.cronacaonline.it\/index.php\/wp-json\/wp\/v2\/posts\/210705\/revisions"}],"predecessor-version":[{"id":210708,"href":"https:\/\/www.cronacaonline.it\/index.php\/wp-json\/wp\/v2\/posts\/210705\/revisions\/210708"}],"wp:featuredmedia":[{"embeddable":true,"href":"https:\/\/www.cronacaonline.it\/index.php\/wp-json\/wp\/v2\/media\/210707"}],"wp:attachment":[{"href":"https:\/\/www.cronacaonline.it\/index.php\/wp-json\/wp\/v2\/media?parent=210705"}],"wp:term":[{"taxonomy":"category","embeddable":true,"href":"https:\/\/www.cronacaonline.it\/index.php\/wp-json\/wp\/v2\/categories?post=210705"},{"taxonomy":"post_tag","embeddable":true,"href":"https:\/\/www.cronacaonline.it\/index.php\/wp-json\/wp\/v2\/tags?post=210705"}],"curies":[{"name":"wp","href":"https:\/\/api.w.org\/{rel}","templated":true}]}}