{"id":210703,"date":"2021-08-13T11:41:23","date_gmt":"2021-08-13T09:41:23","guid":{"rendered":"https:\/\/www.cronacaonline.it\/?p=210703"},"modified":"2021-08-13T11:41:24","modified_gmt":"2021-08-13T09:41:24","slug":"monitoraggio-iss-scende-indice-ma-aumenta-incidenza-73-casi-su-100mila","status":"publish","type":"post","link":"https:\/\/www.cronacaonline.it\/index.php\/2021\/08\/13\/monitoraggio-iss-scende-indice-ma-aumenta-incidenza-73-casi-su-100mila\/","title":{"rendered":"Monitoraggio Iss, scende indice ma aumenta incidenza 73 casi su 100mila."},"content":{"rendered":"\n<p>Roma, 13 Ago 2021 - \u00c8 in calo l'indice Rt in Italia, passato da 1,56 della scorsa settimana a 1,27 di questa. E' quanto emerge dalla bozza del report settimanale di monitoraggio di ministero della Salute e Iss. Ancora in salita invece l'incidenza, passata a quanto si apprende da 68 casi settimanali per centomila abitanti a 73 per centomila.<\/p>\n\n\n\n<p>\"L'attuale impatto della malattia Covid-19 sui servizi ospedalieri \u00e8 limitato, tuttavia i tassi di occupazione e il numero di ricoverati in area medica e terapia intensiva sono in aumento. La trasmissibilit\u00e0 stimata sui soli casi ospedalizzati \u00e8 sopra la soglia epidemica\".<\/p>\n\n\n\n<p>Nell'ultima settimana di monitoraggio 18 Regioni risultano classificate a rischio moderato, le restanti 3 (Lazio e le Province autonome di Bolzano e Trento) sono a rischio basso. \u00c8 quanto emerge dalla bozza del report settimanale di ministero della Salute e Iss. Undici Regioni riportano allerte di resilienza. Nessuna riporta molteplici allerte di resilienza. Aumenta il numero di nuovi casi non associati a catene di trasmissione (15.026 vs 12.683 la settimana precedente). La percentuale dei casi rilevati attraverso l'attivit\u00e0 di tracciamento dei contatti aumenta leggermente (32% vs 30% la scorsa settimana). Aumenta anche la percentuale dei casi rilevati attraverso la comparsa dei sintomi (47% vs 46%). Infine, il 21% \u00e8 stato diagnosticato attraverso attivit\u00e0 di screening.<\/p>\n\n\n\n<p>\"La circolazione della variante delta \u00e8&nbsp;largamente prevalente in Italia. Questa variante \u00e8&nbsp;dominante nell'Unione Europea ed associata ad un aumento nel numero di nuovi casi di infezione anche in paesi con alta copertura vaccinale\". E' quanto emerge dalla bozza del report settimanale di monitoraggio di ministero della Salute e Iss. \"Una pi\u00f9&nbsp;elevata copertura vaccinale ed il completamento dei cicli di vaccinazione - sottolinea il rapporto - rappresentano gli strumenti principali per prevenire ulteriori recrudescenze di episodi di aumentata circolazione del virus sostenute da varianti emergenti con maggiore trasmissibilit\u00e0. E' opportuno realizzare un capillare tracciamento e contenimento dei casi, mantenere elevata l'attenzione ed applicare e rispettare misure e comportamenti per limitare l'ulteriore aumento della circolazione virale\".<\/p>\n\n\n\n<p>Sono la Sardegna con 141,8, la Toscana con 129,9 e la Sicilia con 127,2 le tre regioni con i valori dell'incidenza pi\u00f9 alto per il periodo 6-12 agosto, quindi aggiornati a ieri. Il dato sulle incidenze rappresenta insieme a quello sulla saturazione dei reparti ospedalieri e delle terapie intensive, uno degli indicatori decisionali per le eventuali misure di contenimento. Il valore nazionale - secondo i dati del Ministero della salute che accompagnano il monitoraggio settimanale Covid che sar\u00e0 reso noto oggi - \u00e8 in crescita rispetto alla scorsa settimana con 73 casi ogni 100mila abitanti. Il valore pi\u00f9 basso \u00e8 in Molise con 20,9.<\/p>\n","protected":false},"excerpt":{"rendered":"<p>Roma, 13 Ago 2021 &#8211; \u00c8 in calo l&#8217;indice Rt in Italia, passato da 1,56 della scorsa settimana a 1,27 di questa. E&#8217; quanto emerge&#8230;<\/p>\n","protected":false},"author":2,"featured_media":206712,"comment_status":"closed","ping_status":"open","sticky":false,"template":"","format":"standard","meta":[],"categories":[49,51],"tags":[],"_links":{"self":[{"href":"https:\/\/www.cronacaonline.it\/index.php\/wp-json\/wp\/v2\/posts\/210703"}],"collection":[{"href":"https:\/\/www.cronacaonline.it\/index.php\/wp-json\/wp\/v2\/posts"}],"about":[{"href":"https:\/\/www.cronacaonline.it\/index.php\/wp-json\/wp\/v2\/types\/post"}],"author":[{"embeddable":true,"href":"https:\/\/www.cronacaonline.it\/index.php\/wp-json\/wp\/v2\/users\/2"}],"replies":[{"embeddable":true,"href":"https:\/\/www.cronacaonline.it\/index.php\/wp-json\/wp\/v2\/comments?post=210703"}],"version-history":[{"count":1,"href":"https:\/\/www.cronacaonline.it\/index.php\/wp-json\/wp\/v2\/posts\/210703\/revisions"}],"predecessor-version":[{"id":210704,"href":"https:\/\/www.cronacaonline.it\/index.php\/wp-json\/wp\/v2\/posts\/210703\/revisions\/210704"}],"wp:featuredmedia":[{"embeddable":true,"href":"https:\/\/www.cronacaonline.it\/index.php\/wp-json\/wp\/v2\/media\/206712"}],"wp:attachment":[{"href":"https:\/\/www.cronacaonline.it\/index.php\/wp-json\/wp\/v2\/media?parent=210703"}],"wp:term":[{"taxonomy":"category","embeddable":true,"href":"https:\/\/www.cronacaonline.it\/index.php\/wp-json\/wp\/v2\/categories?post=210703"},{"taxonomy":"post_tag","embeddable":true,"href":"https:\/\/www.cronacaonline.it\/index.php\/wp-json\/wp\/v2\/tags?post=210703"}],"curies":[{"name":"wp","href":"https:\/\/api.w.org\/{rel}","templated":true}]}}