{"id":210669,"date":"2021-08-12T14:25:09","date_gmt":"2021-08-12T12:25:09","guid":{"rendered":"https:\/\/www.cronacaonline.it\/?p=210669"},"modified":"2021-08-12T14:25:11","modified_gmt":"2021-08-12T12:25:11","slug":"vaccini-speranza-prima-dose-a-oltre-il-70-delle-persone-vaccinabili-risultato-incoraggiante","status":"publish","type":"post","link":"https:\/\/www.cronacaonline.it\/index.php\/2021\/08\/12\/vaccini-speranza-prima-dose-a-oltre-il-70-delle-persone-vaccinabili-risultato-incoraggiante\/","title":{"rendered":"Vaccini, Speranza: &#8220;Prima dose a oltre il 70% delle persone vaccinabili. Risultato incoraggiante&#8221;."},"content":{"rendered":"\n<p>Roma,12 Ago 2021 - \"Oggi in Italia superiamo il 70 percento di persone vaccinabili che hanno avuto almeno la prima dose. \u00c8 un risultato molto incoraggiante\", lo scrive il ministro della Salute, Roberto Speranza, sul suo profilo Facebook.\"Dobbiamo continuare su questa strada - aggiunge - perch\u00e9 i vaccini sono lo strumento migliore per aprire una stagione diversa. Grazie a tutta la squadra che lavora ogni giorno a questo obiettivo in ogni angolo del Paese\".<\/p>\n\n\n\n<p>Ieri&nbsp;il Commissario per l'Emergenza Francesco Figliuolo in una lettera alle Regioni ha comunicato che \u200bdal 16 agosto tutti i ragazzi tra i 12 e i 18 anni potranno vaccinarsi senza prenotazione.<\/p>\n\n\n\n<p>Sempre ieri appello della Societ\u00e0 di Pediatria per estendere le vaccinazioni ai pi\u00f9 piccoli anch'essi vittime del Covid. In Italia il 5,5%dei casi (240.105) con 14 morti riguarda la fascia tra 0 e 9 anni, mentre il 10,0% (436.938) con 16 decessi quella tra 10 e 19 anni.<\/p>\n\n\n\n<p>\"Oggi in Italia si raggiungeranno 73 milioni di dosi somministrate, pari al 70% di persone raggiunte con prima dose, considerando la popolazione vaccinabile over 12 anni, e oltre il 65% di quelle completamente vaccinate. Un grande risultato che si deve anche ai giovani nella fascia 12-19 anni che da soli hanno richiesto negli ultimi giorni oltre il 20% delle dosi, ottenendo cos\u00ec la massima protezione nei confronti del Covid-19\". Cos\u00ec, in una nota, l'ufficio del commissario straordinario per l'emergenza Covid-19, Francesco Paolo Figliuolo.<\/p>\n\n\n\n<p>Nella nota si legge inoltre che i \"dati suddivisi per fasce di et\u00e0 permettono di avere un quadro confortante dove vediamo che il numero dei vaccinati raggiunge oltre il 91% nella fascia over 80, oltre 86% nella fascia 70-79, oltre 80% nella fascia 60-69, e oltre il 71% nella fascia 50-59\".<\/p>\n\n\n\n<p>L'ufficio spiega infine che \"il Commissario straordinario Francesco Paolo Figliuolo ha evidenziato l'andamento positivo della campagna, sottolineando tra le priorit\u00e0 la fascia 50-59 che ha gi\u00e0 completato il 71% di persone vaccinate, quella di raggiungere il pi\u00f9 grande numero possibile di giovani e di persone che appartengono al settore scolastico e universitario, in modo da favorire la massima sicurezza per le riaperture degli istituti di formazione nel mese di settembre\".<\/p>\n","protected":false},"excerpt":{"rendered":"<p>Roma,12 Ago 2021 &#8211; &#8220;Oggi in Italia superiamo il 70 percento di persone vaccinabili che hanno avuto almeno la prima dose. \u00c8 un risultato molto&#8230;<\/p>\n","protected":false},"author":2,"featured_media":203829,"comment_status":"closed","ping_status":"open","sticky":false,"template":"","format":"standard","meta":[],"categories":[49,50],"tags":[],"_links":{"self":[{"href":"https:\/\/www.cronacaonline.it\/index.php\/wp-json\/wp\/v2\/posts\/210669"}],"collection":[{"href":"https:\/\/www.cronacaonline.it\/index.php\/wp-json\/wp\/v2\/posts"}],"about":[{"href":"https:\/\/www.cronacaonline.it\/index.php\/wp-json\/wp\/v2\/types\/post"}],"author":[{"embeddable":true,"href":"https:\/\/www.cronacaonline.it\/index.php\/wp-json\/wp\/v2\/users\/2"}],"replies":[{"embeddable":true,"href":"https:\/\/www.cronacaonline.it\/index.php\/wp-json\/wp\/v2\/comments?post=210669"}],"version-history":[{"count":1,"href":"https:\/\/www.cronacaonline.it\/index.php\/wp-json\/wp\/v2\/posts\/210669\/revisions"}],"predecessor-version":[{"id":210670,"href":"https:\/\/www.cronacaonline.it\/index.php\/wp-json\/wp\/v2\/posts\/210669\/revisions\/210670"}],"wp:featuredmedia":[{"embeddable":true,"href":"https:\/\/www.cronacaonline.it\/index.php\/wp-json\/wp\/v2\/media\/203829"}],"wp:attachment":[{"href":"https:\/\/www.cronacaonline.it\/index.php\/wp-json\/wp\/v2\/media?parent=210669"}],"wp:term":[{"taxonomy":"category","embeddable":true,"href":"https:\/\/www.cronacaonline.it\/index.php\/wp-json\/wp\/v2\/categories?post=210669"},{"taxonomy":"post_tag","embeddable":true,"href":"https:\/\/www.cronacaonline.it\/index.php\/wp-json\/wp\/v2\/tags?post=210669"}],"curies":[{"name":"wp","href":"https:\/\/api.w.org\/{rel}","templated":true}]}}