{"id":210626,"date":"2021-08-11T15:26:53","date_gmt":"2021-08-11T13:26:53","guid":{"rendered":"https:\/\/www.cronacaonline.it\/?p=210626"},"modified":"2021-08-11T15:26:54","modified_gmt":"2021-08-11T13:26:54","slug":"covid-dal-16-agosto-vaccini-senza-prenotazione-a-12-18enni-pediatri-dosi-anche-per-i-bambini","status":"publish","type":"post","link":"https:\/\/www.cronacaonline.it\/index.php\/2021\/08\/11\/covid-dal-16-agosto-vaccini-senza-prenotazione-a-12-18enni-pediatri-dosi-anche-per-i-bambini\/","title":{"rendered":"Covid, dal 16 agosto vaccini senza prenotazione a 12-18enni. Pediatri: dosi anche per i bambini."},"content":{"rendered":"\n<p>Roma, 11 Ago 2021 - A partire dal 16 agosto tutti i ragazzi tra i 12 e i 18 anni potranno vaccinarsi senza dover prenotare. \u00c8 quanto scrive il Commissario per l'Emergenza Francesco Figliuolo in una lettera indirizzata alle Regioni con la quale chiede di \"predisporre corsie preferenziali per l'ammissione alle somministrazioni dei cittadini\" in questa fascia d'et\u00e0, \"anche senza preventiva prenotazione\". Al momento per gli under 18 \u00e8 autorizzata la somministrazione solo di Pfizer o Moderna.<\/p>\n\n\n\n<p>\"Abbiamo bisogno di un vaccino sicuro, efficace. Abbiamo bisogno di uno scudo con cui difendere anche i nostri bambini da questo terribile virus\". \u00c8 questo l'appello sui canali ufficiali della Societ\u00e0 Italiana di Pediatria, da Facebook, a Twitter, Linkedin e Telegram, con cui gli esperti promuovono una futura estensione della campagna anche ai pi\u00f9 piccoli.<\/p>\n\n\n\n<p>Anche in Italia, sottolinea la Sip, il Covid continua a colpire i pi\u00f9 piccoli. Nel nostro Paese, il 5,5% dei casi(240.105) con 14 decessi riguarda la fascia di et\u00e0 0-9 anni, mentre il 10,0% (436.938) con 16 decessi riguarda la fascia di et\u00e0 10-19 anni.&nbsp;\"Si avverte l'esigenza&nbsp;- scrivono i pediatri - di beneficiare di uno specifico intervento di prevenzione vaccinale Covid19 per la popolazione pediatrica, in maniera tale da poter permettere di prevenire ulteriori recrudescenze di episodi di aumentata circolazione del virus sostenute da varianti emergenti con maggiore trasmissibilit\u00e0\".<\/p>\n\n\n\n<p>L'appello si richiama ai dati diffusi dall'American Academyof Pediatrics, secondo cui a fine luglio i casi di infezione da Covid 19 nella popolazione pediatrica sono pressoch\u00e9 raddoppiati: 71,726 contro i 38,654 della settimana precedente.<\/p>\n\n\n\n<p>\"La variante Delta dilaga - osservano i pediatri americani - emette sempre pi\u00f9 in pericolo la salute dei bambini, che occupano ormai il 19% del bollettino settimanale americano. Da inizio pandemia, 350 bambini sono morti a causa del Covid 19. E milioni di minori hanno pagato un altissimo prezzo in termine di isolamento sociale, perdita di nonni e genitori, interruzione della scuola e delle attivit\u00e0 educative in generale. Non si pu\u00f2 pi\u00f9 attendere, concludono gli americani, va accelerata l'autorizzazione del vaccino anche per i pi\u00f9 piccoli, al momento esclusi dal piano di immunizzazione contro il Covid 19\".<\/p>\n","protected":false},"excerpt":{"rendered":"<p>Roma, 11 Ago 2021 &#8211; A partire dal 16 agosto tutti i ragazzi tra i 12 e i 18 anni potranno vaccinarsi senza dover prenotare.&#8230;<\/p>\n","protected":false},"author":2,"featured_media":203237,"comment_status":"closed","ping_status":"open","sticky":false,"template":"","format":"standard","meta":[],"categories":[49,50],"tags":[],"_links":{"self":[{"href":"https:\/\/www.cronacaonline.it\/index.php\/wp-json\/wp\/v2\/posts\/210626"}],"collection":[{"href":"https:\/\/www.cronacaonline.it\/index.php\/wp-json\/wp\/v2\/posts"}],"about":[{"href":"https:\/\/www.cronacaonline.it\/index.php\/wp-json\/wp\/v2\/types\/post"}],"author":[{"embeddable":true,"href":"https:\/\/www.cronacaonline.it\/index.php\/wp-json\/wp\/v2\/users\/2"}],"replies":[{"embeddable":true,"href":"https:\/\/www.cronacaonline.it\/index.php\/wp-json\/wp\/v2\/comments?post=210626"}],"version-history":[{"count":1,"href":"https:\/\/www.cronacaonline.it\/index.php\/wp-json\/wp\/v2\/posts\/210626\/revisions"}],"predecessor-version":[{"id":210627,"href":"https:\/\/www.cronacaonline.it\/index.php\/wp-json\/wp\/v2\/posts\/210626\/revisions\/210627"}],"wp:featuredmedia":[{"embeddable":true,"href":"https:\/\/www.cronacaonline.it\/index.php\/wp-json\/wp\/v2\/media\/203237"}],"wp:attachment":[{"href":"https:\/\/www.cronacaonline.it\/index.php\/wp-json\/wp\/v2\/media?parent=210626"}],"wp:term":[{"taxonomy":"category","embeddable":true,"href":"https:\/\/www.cronacaonline.it\/index.php\/wp-json\/wp\/v2\/categories?post=210626"},{"taxonomy":"post_tag","embeddable":true,"href":"https:\/\/www.cronacaonline.it\/index.php\/wp-json\/wp\/v2\/tags?post=210626"}],"curies":[{"name":"wp","href":"https:\/\/api.w.org\/{rel}","templated":true}]}}