{"id":210609,"date":"2021-08-11T07:52:01","date_gmt":"2021-08-11T05:52:01","guid":{"rendered":"https:\/\/www.cronacaonline.it\/?p=210609"},"modified":"2021-08-11T07:52:03","modified_gmt":"2021-08-11T05:52:03","slug":"covid-presidente-aziende-ospedaliere-90-dei-pazienti-in-terapia-intensiva-non-e-stato-vaccinato","status":"publish","type":"post","link":"https:\/\/www.cronacaonline.it\/index.php\/2021\/08\/11\/covid-presidente-aziende-ospedaliere-90-dei-pazienti-in-terapia-intensiva-non-e-stato-vaccinato\/","title":{"rendered":"Covid, presidente aziende ospedaliere: 90% dei pazienti in terapia intensiva non \u00e8 stato vaccinato."},"content":{"rendered":"\n<p>Cagliari, 11 Ago 2021 - \"I responsabili delle terapie intensive ci dicono che quasi tutti i loro pazienti affetti da Covid - il 90 per cento - non sono vaccinati, e ci\u00f2 conferma che il vaccino \u00e8 l'arma pi\u00f9 efficace a nostra disposizione per contrastare la pandemia e i suoi effetti peggiori\". Cos\u00ec Giovanni Migliore, presidente della Federazione Italiana delle Aziende Sanitarie ed Ospedaliere (Fiaso) ha commentato la diffusione crescente di dati relativi alla ripresa dei contagi e dei ricoveri per Covid-19.<\/p>\n\n\n\n<p>\"Le Aziende sanitarie pubbliche - ha proseguito Migliore - sono impegnate in questi giorni a vaccinare le fasce di popolazione ancora non immunizzate, ricorrendo alle iniziative pi\u00f9 varie per raggiungere gli italiani anche nei luoghi nei quali trascorrono le vacanze. Il lavoro intenso del management della sanit\u00e0 italiana ad agosto ci metter\u00e0 al riparo - spiega Migliore - grazie a soluzioni organizzative e gestionali innovative, da scenari peggiori nel prossimo autunno. L'allarme lanciato da pi\u00f9 parti sulla ripresa dei ricoveri, alcuni gravi, tanto da richiedere il ricorso alla rianimazione, conferma la necessit\u00e0 di non abbassare la guardia e di proseguire con determinazione nella campagna di vaccinazione\", conclude il presidente Fiaso.<\/p>\n","protected":false},"excerpt":{"rendered":"<p>Cagliari, 11 Ago 2021 &#8211; &#8220;I responsabili delle terapie intensive ci dicono che quasi tutti i loro pazienti affetti da Covid &#8211; il 90 per&#8230;<\/p>\n","protected":false},"author":2,"featured_media":203712,"comment_status":"closed","ping_status":"open","sticky":false,"template":"","format":"standard","meta":[],"categories":[49,50],"tags":[],"_links":{"self":[{"href":"https:\/\/www.cronacaonline.it\/index.php\/wp-json\/wp\/v2\/posts\/210609"}],"collection":[{"href":"https:\/\/www.cronacaonline.it\/index.php\/wp-json\/wp\/v2\/posts"}],"about":[{"href":"https:\/\/www.cronacaonline.it\/index.php\/wp-json\/wp\/v2\/types\/post"}],"author":[{"embeddable":true,"href":"https:\/\/www.cronacaonline.it\/index.php\/wp-json\/wp\/v2\/users\/2"}],"replies":[{"embeddable":true,"href":"https:\/\/www.cronacaonline.it\/index.php\/wp-json\/wp\/v2\/comments?post=210609"}],"version-history":[{"count":1,"href":"https:\/\/www.cronacaonline.it\/index.php\/wp-json\/wp\/v2\/posts\/210609\/revisions"}],"predecessor-version":[{"id":210610,"href":"https:\/\/www.cronacaonline.it\/index.php\/wp-json\/wp\/v2\/posts\/210609\/revisions\/210610"}],"wp:featuredmedia":[{"embeddable":true,"href":"https:\/\/www.cronacaonline.it\/index.php\/wp-json\/wp\/v2\/media\/203712"}],"wp:attachment":[{"href":"https:\/\/www.cronacaonline.it\/index.php\/wp-json\/wp\/v2\/media?parent=210609"}],"wp:term":[{"taxonomy":"category","embeddable":true,"href":"https:\/\/www.cronacaonline.it\/index.php\/wp-json\/wp\/v2\/categories?post=210609"},{"taxonomy":"post_tag","embeddable":true,"href":"https:\/\/www.cronacaonline.it\/index.php\/wp-json\/wp\/v2\/tags?post=210609"}],"curies":[{"name":"wp","href":"https:\/\/api.w.org\/{rel}","templated":true}]}}