{"id":210563,"date":"2021-08-09T18:13:14","date_gmt":"2021-08-09T16:13:14","guid":{"rendered":"https:\/\/www.cronacaonline.it\/?p=210563"},"modified":"2021-08-09T18:13:16","modified_gmt":"2021-08-09T16:13:16","slug":"coronavirus-in-italia-nelle-ultime-24-ore-sono-stati-registrati-4-200-nuovi-casi-con-102-864-tamponi-e-22-morti","status":"publish","type":"post","link":"https:\/\/www.cronacaonline.it\/index.php\/2021\/08\/09\/coronavirus-in-italia-nelle-ultime-24-ore-sono-stati-registrati-4-200-nuovi-casi-con-102-864-tamponi-e-22-morti\/","title":{"rendered":"Coronavirus, In Italia nelle ultime 24 ore sono stati registrati 4.200 nuovi casi con 102.864 tamponi e 22 morti."},"content":{"rendered":"\n<p>Roma, 9 Ago 201 \u2013 I dati del ministero della salute sulla pandemia in Italia.\u00a0Oggi si registrano 4.200 nuovi casi con 102.864 tamponi (tasso di positivit\u00e0 al 4%) e 22 morti. Ieri si sono registrati\u00a05.735 casi con 203.511 tamponi (tasso a 2,8%) e 11 morti.\u00a0<\/p>\n\n\n\n<p>In Emilia-Romagna 642 nuovi positivi e un decesso.&nbsp;In Toscana oggi si registrano 492 contagi e 3 decessi. Nel Lazio 474 nuovi contagi e 3 decessi. In Veneto 425 nuovi casi e 2 decessi. In Puglia 144 nuovi casi e un decesso. In Calabria 92 nuovi positivi e due decessi. In Piemonte 90 nuovi casi. Nelle ultime 24 ore sono stati individuati nelle Marche 46 nuovi casi di Covid-19.&nbsp;Contagi in calo in Abruzzo con 25 nuovi positivi. Sono 23 i nuovi casi Covid registrati in Valle d'Aosta rispetto all'ultimo bollettino del 6 agosto. In Trentino sono 16 i nuovi contagi. In Friuli Venezia Giulia sono stati rilevati 10 nuovi contagi.<\/p>\n\n\n\n<p>Sono 300 le vittime del Covid in Italia negli ultimi 30 giorni, una media di dieci al giorno. Mentre i contagi sono stati 113.131, con un'et\u00e0 media scesa ormai a 27 anni. \u00c8 quanto rileva l'Istituto Superiore di Sanit\u00e0 nel suo report periodico con i dati della sorveglianza integrata Covid. Sempre nell'ultimo mese si registrano 1.313 casi positivi tra gli operatori sanitari. I contagiati sono in misura maggiore maschi (il 53,2% dei casi, mentre osservando tutti i casi dall'inizio dell'epidemia le proporzioni si invertono, il 49% dei contagiato sono maschi), mentre i guariti sono 52.941 nei trenta giorni, meno della met\u00e0 rispetto ai nuovi.<\/p>\n\n\n\n<p>La quarta ondata sta frenando in Italia, con i nuovi casi quotidiani che tendono verso la stabilizzazione e, auspicabilmente, al calo. La variazione percentuale dei contagi in sette giorni, a ieri, \u00e8 di poco superiore all'8%, quando il 22 luglio, il giorno finora di maggior incremento, era arrivata a superare il 115%: casi pi\u00f9 che raddoppiati in una settimana. Da quel giorno l'aumento \u00e8 andato scemando progressivamente, con alcune Regioni che sembrano aver scavallato ed essere gi\u00e0 in fase discendente: il Lazio (-24% settimanale), le Province di Trento (-16%) e Bolzano (-4%), il Molise (-3%) la Liguria (-3%). Anche l'incidenza, dopo oltre un mese di aumento, \u00e8 rimasta a livelli accettabili (poco meno di 70 casi per centomila abitanti). A preoccupare sono i ricoveri ordinari e le terapie intensive, cresciuti rispettivamente del 30% e del 35% nell'ultima settimana, pur rimanendo, anche in questo caso, su livelli imparagonabili a quelli delle scorse ondate. In alcune Regioni, per\u00f2, si intravedono le soglie del 15% e del 10% di occupazione, che insieme all'incidenza sopra i 50 casi per centomila sono i requisiti che portano in zona gialla. La Sardegna, stando ai dati Agenas, ha gi\u00e0 superato la quota del 10% di terapie intensive (a ieri sono l'11,2%), mentre i ricoveri ordinari sono ancora al 6,8%, lontani dalla soglia del 15%. L'incidenza \u00e8 gi\u00e0 da giallo, 143 casi per centomila. Rischia anche la Sicilia, che ha un'incidenza di 108 casi per centomila, il 7,4% di intensive e il 13,3% di ricoveri ordinari: potrebbero bastare pochi giorni di aumento per entrare in giallo, magari non questa settimana (i dati presi a riferimento dalla cabina di regia sono quelli del gioved\u00ec) ma la prossima. Quanto al Lazio, la regione con pi\u00f9 rianimazioni e reparti ordinari occupati da pazienti Covid, la grande disponibilit\u00e0 di posti letto fa s\u00ec che i tassi di occupazione siano ancora ragionevolmente lontani dalla zona di rischio, il 5,7% e il 6,2%.<\/p>\n\n\n\n<p>\"Dal 16 agosto in avanti avremo 3 milioni di dosi in pi\u00f9 rispetto a quello che pensavamo, grazie al lavoro del presidente Draghi con la Commissione Europea. Dal 16 a fine mese avremo quindi 10 milioni di dosi a livello nazionale che ci permetteranno di continuare con un ottimo passo. E' chiaro che ci vuole il convincimento e l'adesione da parte di tutti i cittadini. Da questo punto di vista la parte del leone la devono fare le famiglie\". Lo ha detto il commissario per l'emergenza Covid-19, generale Francesco Paolo Figliuolo, a margine di una visita all'hub vaccinale di Senise, in Basilicata.<\/p>\n\n\n\n<p>\"Io cito i 28 bambini e ragazzi che purtroppo nel nostro Paese hanno perso la vita per Covid. Anche sotto i 12 anni purtroppo abbiamo assistito a casi a esito infausto\". Ma gli studi di sperimentazione del vaccino contro il Covid per gli under 12 \"sono in fase avanzatissima e i dati sono in valutazione presso le agenzie regolatorie Ema per l'Ue e Fda per gli Usa. Proprio perch\u00e9 \u00e8 fondamentale coprire anche la fascia sotto i 12 anni d'et\u00e0, l'American Academy of Pediatrics addirittura ha lanciato un appello perch\u00e9 la Fda acceleri il processo di revisione\". A spiegarlo \u00e8 Franco Locatelli, presidente del Consiglio superiore di sanit\u00e0 (Css) e coordinatore del Comitato tecnico scientifico per l'emergenza Covid, durante il suo intervenuto a&nbsp;'L'Aria che tira - Estate'su La7. \"I dati che abbiamo tra i 12 e i 18 anni sono particolarmente buoni, il 55% abbondante ha gi\u00e0 ricevuto una dose, semmai va implementata la vaccinazione nella fascia 12-15 anni. Faccio un invito accorato ai genitori ad accompagnare i ragazzi. Gli studi sulla revisione dei vaccini per la fascia d'et\u00e0 sotto i 12 anni sono in fase avanzatissima e si vuole accelerare perch\u00e9 anche sotto questa et\u00e0 abbiamo assistito a casi infausti, non c'\u00e8 limite alla morte da Covid. Ed \u00e8 fondamentale che tutti gli operatori scolastici, insegnanti e non, si vaccinino\". La paura degli effetti collaterali del vaccino Covid, ha aggiunto Locatelli, \"\u00e8 una paura immotivata, perch\u00e9 abbiamo tutte le evidenze che la vaccinazione in questa fascia d'et\u00e0 coni vaccini a mRna \u00e8 assolutamente sicura, non provoca effetti collaterali rilevanti e protegge, oltre che dal rischio di complicanze fatali, anche dal rischio di sviluppare una patologia grave come la famosa sindrome multi-infiammatoria sistemica. Non sono pochi, sono nell'ordine di 300, i casi registrati in Italia di ricovero nelle strutture ospedaliere e addirittura nelle terapie intensive con una permanenza di parecchi giorni per questa complicanza\".<\/p>\n","protected":false},"excerpt":{"rendered":"<p>Roma, 9 Ago 201 \u2013 I dati del ministero della salute sulla pandemia in Italia.\u00a0Oggi si registrano 4.200 nuovi casi con 102.864 tamponi (tasso di&#8230;<\/p>\n","protected":false},"author":2,"featured_media":203712,"comment_status":"closed","ping_status":"open","sticky":false,"template":"","format":"standard","meta":[],"categories":[49,50],"tags":[],"_links":{"self":[{"href":"https:\/\/www.cronacaonline.it\/index.php\/wp-json\/wp\/v2\/posts\/210563"}],"collection":[{"href":"https:\/\/www.cronacaonline.it\/index.php\/wp-json\/wp\/v2\/posts"}],"about":[{"href":"https:\/\/www.cronacaonline.it\/index.php\/wp-json\/wp\/v2\/types\/post"}],"author":[{"embeddable":true,"href":"https:\/\/www.cronacaonline.it\/index.php\/wp-json\/wp\/v2\/users\/2"}],"replies":[{"embeddable":true,"href":"https:\/\/www.cronacaonline.it\/index.php\/wp-json\/wp\/v2\/comments?post=210563"}],"version-history":[{"count":1,"href":"https:\/\/www.cronacaonline.it\/index.php\/wp-json\/wp\/v2\/posts\/210563\/revisions"}],"predecessor-version":[{"id":210564,"href":"https:\/\/www.cronacaonline.it\/index.php\/wp-json\/wp\/v2\/posts\/210563\/revisions\/210564"}],"wp:featuredmedia":[{"embeddable":true,"href":"https:\/\/www.cronacaonline.it\/index.php\/wp-json\/wp\/v2\/media\/203712"}],"wp:attachment":[{"href":"https:\/\/www.cronacaonline.it\/index.php\/wp-json\/wp\/v2\/media?parent=210563"}],"wp:term":[{"taxonomy":"category","embeddable":true,"href":"https:\/\/www.cronacaonline.it\/index.php\/wp-json\/wp\/v2\/categories?post=210563"},{"taxonomy":"post_tag","embeddable":true,"href":"https:\/\/www.cronacaonline.it\/index.php\/wp-json\/wp\/v2\/tags?post=210563"}],"curies":[{"name":"wp","href":"https:\/\/api.w.org\/{rel}","templated":true}]}}