{"id":210561,"date":"2021-08-09T17:24:59","date_gmt":"2021-08-09T15:24:59","guid":{"rendered":"https:\/\/www.cronacaonline.it\/?p=210561"},"modified":"2021-08-09T17:25:00","modified_gmt":"2021-08-09T15:25:00","slug":"lucifero-ormai-staziona-sullitalia-inizia-la-settimana-piu-calda-e-da-mercoledi-bollino-rosso-in-8-citta","status":"publish","type":"post","link":"https:\/\/www.cronacaonline.it\/index.php\/2021\/08\/09\/lucifero-ormai-staziona-sullitalia-inizia-la-settimana-piu-calda-e-da-mercoledi-bollino-rosso-in-8-citta\/","title":{"rendered":"Lucifero ormai staziona sull\u2019Italia: inizia la settimana pi\u00f9 calda e da mercoled\u00ec bollino rosso in 8 citt\u00e0."},"content":{"rendered":"\n<p>Roma, 9 Ago 2021 - Nelle prossime ore un'intensa ondata di caldo avvolger\u00e0 tutta l'Italia. Coprir\u00e0, in particolare mercoled\u00ec, tutta la penisola, a esclusione dell'area nord-ovest con Genova e Torino. Il sistema di alert del ministero della Salute, online sul sito del dicastero, vede per domani 4 citt\u00e0 a bollino rosso e 9 arancione che mercoled\u00ec diventeranno rispettivamente 8 e 13 sulle 27 citt\u00e0 monitorate. Il bollino arancione indica le temperature elevate e le condizioni meteorologiche che possono avere effetti negativi sulla salute della popolazione, in particolare in alcuni gruppi di popolazione. Quello rosso il rischio che persiste per 3 o pi\u00f9 giorni.<\/p>\n\n\n\n<p>E la Protezione Civile lancia l'allarme: il rischio incendi aumenter\u00e0 in tutto il paese, complici temperature che potrebbero superare i 45 gradi, e dunque \u00e8 necessaria la massima attenzione da parte delle istituzioni e la collaborazione dei cittadini.<\/p>\n\n\n\n<p>A chiedere il massimo impegno per evitare una nuova emergenza \u00e8 il capo del Dipartimento Fabrizio Curcio, alla luce delle previsioni meteo: fino a Ferragosto l'Italia sar\u00e0 investita da un'ondata di caldo africano, con temperature che arriveranno a 45 gradi al Sud, a 36-37 gradi nelle citt\u00e0 della pianura Padana e fino a 28-30 gradi a 1.500 metri.<\/p>\n\n\n\n<p>\"Un evento estremo con pochi precedenti\" dicono gli esperti, provocato da un campo di alta pressione sub-tropicale che investir\u00e0 il Mediterraneo e che avr\u00e0 il suo epicentro nelle giornate tra marted\u00ec e gioved\u00ec.<\/p>\n\n\n\n<p>Le prime avvisaglie di quel che potrebbe accadere si stanno gi\u00e0 registrando in queste ore, con i Canadair e gli elicotteri della flotta aerea dello Stato che sono in volo da stamattina per contribuire allo spegnimento di 28 incendi: fiamme in Sicilia, dalle Madonie ai Nebrodi fino al palermitano, un intero bosco bruciato a Sogliano del Rubicone, in provincia di Cesena, decine di roghi sull'Aspromonte sui quali stanno operando diversi velivoli.&nbsp;<\/p>\n\n\n\n<p>E proprio quella della Calabria, dove si sono gi\u00e0 registrate due vittime nei giorni scorsi, \u00e8 la situazione che al momento preoccupa di pi\u00f9 tanto che il presidente del Consiglio Mario Draghi ha firmato il Dpcm che dispone la mobilitazione nazionale del sistema di protezione Civile: nelle prossime ore, coordinati dal Dipartimento, arriveranno in zona volontari e mezzi delle colonne mobili provenienti dalle altre regioni.&nbsp;<\/p>\n\n\n\n<p>L'appello di Curcio punta dunque ad evitare che una situazione gi\u00e0 complessa si trasformi in tragedia. \"Abbiamo alle spalle giornate impegnative e drammatiche sul fronte della lotta agli incendi e le temperature che ci attendono impongono la massima attenzione\" dice il capo della Protezione Civile che poi si rivolge direttamente alle istituzioni e ai cittadini: \"noi non faremo mancare il nostro supporto alle regioni maggiormente colpite da questi eventi, siamo al lavoro senza sosta per contenere i roghi\", ma \"chiediamo ai cittadini la massima collaborazione e cautela\".&nbsp;<\/p>\n\n\n\n<p>\u00c8 \"fondamentale - ribadisce - evitare ogni comportamento che possa generare incendi e segnalare tempestivamente anche roghi di piccola entit\u00e0\". Un ruolo decisivo lo hanno proprio le Regioni e questo il capo della Protezione Civile lo ha ricordato pi\u00f9 volte, l'ultima una settimana fa quando era la Sicilia a bruciare: \"le responsabilit\u00e0 nell'ambito di ci\u00f2 che si fa contro gli incendi boschivi sono chiare. Le norme prevedono che la lotta attiva sia di competenza delle Regioni. E lotta attiva non \u00e8 solo spegnimento, ma anche sorveglianza, avvistamento\".<\/p>\n\n\n\n<p>Che sia un'estate difficile lo dicono gi\u00e0 i numeri: dal 15 di giugno, data di inizio della campagna, al 7 agosto i Vigili del Fuoco hanno effettuato 44.442 interventi complessivi mentre l'anno scorso si erano fermati a 26.158. E Canadair ed elicotteri hanno fatto finora 746 missioni, pi\u00f9 del doppio del 2020, quando sono state 315, mentre le richieste d'intervento sono arrivate a 900. Degli oltre 44mila interventi, quasi 25mila, dunque pi\u00f9 della met\u00e0, si sono concentrati in 3 regioni: Sicilia (10.296), Puglia (9.809) e Calabria (4.851), mentre in Sardegna sono stati 1.861. Per ritrovare numeri simili bisogna risalire al 2017.&nbsp;<\/p>\n","protected":false},"excerpt":{"rendered":"<p>Roma, 9 Ago 2021 &#8211; Nelle prossime ore un&#8217;intensa ondata di caldo avvolger\u00e0 tutta l&#8217;Italia. Coprir\u00e0, in particolare mercoled\u00ec, tutta la penisola, a esclusione dell&#8217;area&#8230;<\/p>\n","protected":false},"author":2,"featured_media":192590,"comment_status":"closed","ping_status":"open","sticky":false,"template":"","format":"standard","meta":[],"categories":[49,51],"tags":[],"_links":{"self":[{"href":"https:\/\/www.cronacaonline.it\/index.php\/wp-json\/wp\/v2\/posts\/210561"}],"collection":[{"href":"https:\/\/www.cronacaonline.it\/index.php\/wp-json\/wp\/v2\/posts"}],"about":[{"href":"https:\/\/www.cronacaonline.it\/index.php\/wp-json\/wp\/v2\/types\/post"}],"author":[{"embeddable":true,"href":"https:\/\/www.cronacaonline.it\/index.php\/wp-json\/wp\/v2\/users\/2"}],"replies":[{"embeddable":true,"href":"https:\/\/www.cronacaonline.it\/index.php\/wp-json\/wp\/v2\/comments?post=210561"}],"version-history":[{"count":1,"href":"https:\/\/www.cronacaonline.it\/index.php\/wp-json\/wp\/v2\/posts\/210561\/revisions"}],"predecessor-version":[{"id":210562,"href":"https:\/\/www.cronacaonline.it\/index.php\/wp-json\/wp\/v2\/posts\/210561\/revisions\/210562"}],"wp:featuredmedia":[{"embeddable":true,"href":"https:\/\/www.cronacaonline.it\/index.php\/wp-json\/wp\/v2\/media\/192590"}],"wp:attachment":[{"href":"https:\/\/www.cronacaonline.it\/index.php\/wp-json\/wp\/v2\/media?parent=210561"}],"wp:term":[{"taxonomy":"category","embeddable":true,"href":"https:\/\/www.cronacaonline.it\/index.php\/wp-json\/wp\/v2\/categories?post=210561"},{"taxonomy":"post_tag","embeddable":true,"href":"https:\/\/www.cronacaonline.it\/index.php\/wp-json\/wp\/v2\/tags?post=210561"}],"curies":[{"name":"wp","href":"https:\/\/api.w.org\/{rel}","templated":true}]}}