{"id":210558,"date":"2021-08-09T16:50:31","date_gmt":"2021-08-09T14:50:31","guid":{"rendered":"https:\/\/www.cronacaonline.it\/?p=210558"},"modified":"2021-08-09T16:50:33","modified_gmt":"2021-08-09T14:50:33","slug":"precisazione-della-ministra-interni-lamorgese-i-titolari-dei-locali-possono-chiedere-il-green-pass-non-i-documenti","status":"publish","type":"post","link":"https:\/\/www.cronacaonline.it\/index.php\/2021\/08\/09\/precisazione-della-ministra-interni-lamorgese-i-titolari-dei-locali-possono-chiedere-il-green-pass-non-i-documenti\/","title":{"rendered":"Precisazione della Ministra Interni Lamorgese: i titolari dei locali possono chiedere il green pass, non i documenti."},"content":{"rendered":"\n<p>Roma, 9 Ago 2021 - \"Il rispetto delle regole \u00e8 importante\". Parole precise quelle del Ministro dell'Interno, Luciana Lamorgese, che a Torino ha risposto ai giornalisti sulle proteste dei no Green Pass. Non si esclude, ha detto Lamorgese, che ci saranno \"controlli a campione nei locali insieme alla polizia amministrativa\", per\u00f2 ha ribadito che saranno i titolari a dover provvedere, anche se \"non potranno chiedere la carta d'identit\u00e0 ai clienti\".<\/p>\n\n\n\n<p>\u201cNon si pu\u00f2 pensare - ha spiegato - che l'attivit\u00e0 di controllo venga svolta dalle forze di polizia.Significherebbe distoglierle dal loro compito prioritario che \u00e8 garantire la sicurezza. Al riguardo \u00e8 in via di preparazione una circolare\".<\/p>\n","protected":false},"excerpt":{"rendered":"<p>Roma, 9 Ago 2021 &#8211; &#8220;Il rispetto delle regole \u00e8 importante&#8221;. Parole precise quelle del Ministro dell&#8217;Interno, Luciana Lamorgese, che a Torino ha risposto ai&#8230;<\/p>\n","protected":false},"author":2,"featured_media":210559,"comment_status":"closed","ping_status":"open","sticky":false,"template":"","format":"standard","meta":[],"categories":[49,51],"tags":[],"_links":{"self":[{"href":"https:\/\/www.cronacaonline.it\/index.php\/wp-json\/wp\/v2\/posts\/210558"}],"collection":[{"href":"https:\/\/www.cronacaonline.it\/index.php\/wp-json\/wp\/v2\/posts"}],"about":[{"href":"https:\/\/www.cronacaonline.it\/index.php\/wp-json\/wp\/v2\/types\/post"}],"author":[{"embeddable":true,"href":"https:\/\/www.cronacaonline.it\/index.php\/wp-json\/wp\/v2\/users\/2"}],"replies":[{"embeddable":true,"href":"https:\/\/www.cronacaonline.it\/index.php\/wp-json\/wp\/v2\/comments?post=210558"}],"version-history":[{"count":1,"href":"https:\/\/www.cronacaonline.it\/index.php\/wp-json\/wp\/v2\/posts\/210558\/revisions"}],"predecessor-version":[{"id":210560,"href":"https:\/\/www.cronacaonline.it\/index.php\/wp-json\/wp\/v2\/posts\/210558\/revisions\/210560"}],"wp:featuredmedia":[{"embeddable":true,"href":"https:\/\/www.cronacaonline.it\/index.php\/wp-json\/wp\/v2\/media\/210559"}],"wp:attachment":[{"href":"https:\/\/www.cronacaonline.it\/index.php\/wp-json\/wp\/v2\/media?parent=210558"}],"wp:term":[{"taxonomy":"category","embeddable":true,"href":"https:\/\/www.cronacaonline.it\/index.php\/wp-json\/wp\/v2\/categories?post=210558"},{"taxonomy":"post_tag","embeddable":true,"href":"https:\/\/www.cronacaonline.it\/index.php\/wp-json\/wp\/v2\/tags?post=210558"}],"curies":[{"name":"wp","href":"https:\/\/api.w.org\/{rel}","templated":true}]}}