{"id":210494,"date":"2021-08-07T07:42:28","date_gmt":"2021-08-07T05:42:28","guid":{"rendered":"https:\/\/www.cronacaonline.it\/?p=210494"},"modified":"2021-08-07T07:42:29","modified_gmt":"2021-08-07T05:42:29","slug":"conte-eletto-quasi-allunanimita-presidente-movimento-cinque-stelle-con-62-242-voti","status":"publish","type":"post","link":"https:\/\/www.cronacaonline.it\/index.php\/2021\/08\/07\/conte-eletto-quasi-allunanimita-presidente-movimento-cinque-stelle-con-62-242-voti\/","title":{"rendered":"Conte eletto quasi all\u2019unanimit\u00e0 presidente Movimento Cinque Stelle con 62.242 voti."},"content":{"rendered":"\n<p>Roma, 7 Ago 2021 - Giuseppe Conte \u00e8 stato eletto ieri presidente del Movimento 5 Stelle. Alla consultazione online sulla piattaforma Skyvote, ha comunicato il presidente del Comitato di Garanzia M5S Vito Crimi in diretta su Facebook, hanno preso parte 67.064 iscritti su 115.130 aventi diritto. Hanno votato a favore dell'elezione 62.242, mentre i voti contrari sono stati 4.822. \"I risultati parlano da soli, e proclamo eletto Giuseppe Conte primo presidente del Movimento 5 Stelle\", aggiunge Crimi.<\/p>\n\n\n\n<p>\"Ce la metter\u00f2 tutta per non deludere le vostre aspettative e restituire la massima dignit\u00e0 alla politica, quella con la P maiuscola, che piace a noi\": questo l'impegno assunto da Giuseppe Conte dopo la votazione che lo ha eletto nuovo presidente del M5s. \"Questi appuntamenti si stanno rivelando una grande festa di partecipazione democratica: lo statuto, la carta dei principi\", ha osservato l'ex premier. \"Anche la mia indicazione a presidente del nuovo corso del Movimento ha avuto il conforto della stragrande maggioranza dei votanti, che mi trasmette una grande energia e responsabilit\u00e0\", ha sottolineato Conte. \"Il nostro progetto - ha aggiunto - punta agli obiettivi del 2030 e 2050 ma non vuole affatto trascurare le urgenze del presente e mira a coinvolgere una comunit\u00e0 di cittadini molto pi\u00f9 ampia di quella attuale. Non coinvolgeremo solo i gruppi territoriali e i forum tematici, che ricordo sono aperti anche ai non iscritti. Da settembre io girer\u00f2 tutta Italia, avremo cos\u00ec la possibilit\u00e0 di arricchire il nostro programma direttamente con i vostri contributi. Spero che gi\u00e0 a fine anno avremo il pi\u00f9 partecipato e importante programma di governo che sia mai stato elaborato\".<\/p>\n\n\n\n<p>\"Ennesima grande prova di partecipazione, ottimo risultato. Adesso ripartiamo pi\u00f9 forti diprima con Giuseppe Conte presidente del M5S\". Lo dice Luigi Di Maio.<\/p>\n\n\n\n<p>\"Buon lavoro a Giuseppe Conte! Con la sua elezione come presidente del Movimento 5 Stelle oggi prende forma in modo sempre pi\u00f9 significativo il nuovo corso del Movimento, ancorato alle proprie radici e allo stesso tempo capace di rigenerarsi e di guardare al futuro. Ci aspetta un grande lavoro da fare coinvolgendo tutta la nostra comunit\u00e0 in maniera sinergica dando ciascuno il proprio contributo. Voglio ringraziare Vito Crimi che in questo anno e mezzo \u00e8 stato fondamentale. Con spirito di servizio ed enorme dedizione ci ha permesso di arrivare a questo momento di svolta. Adesso avanti tutti insieme: abbiamo molte pagine da scrivere ancora per il Movimento e per il Paese\". Lo dichiara su Facebook il presidente della Camera, Roberto Fico.<\/p>\n\n\n\n<p>\"Una grande partecipazione per eleggere Giuseppe Conte finalmente leader del Movimento 5 Stelle. \u00c8 stato una guida nel corso di due governi e sar\u00e0 la guida per un processo di maturazione che il nostro Movimento sta compiendo con convinzione, passione politica e visione al 2050\". Cos\u00ec il ministro M5s Stefano Patuanelli commenta l'elezione di Conte a presidente del Movimento.<\/p>\n","protected":false},"excerpt":{"rendered":"<p>Roma, 7 Ago 2021 &#8211; Giuseppe Conte \u00e8 stato eletto ieri presidente del Movimento 5 Stelle. Alla consultazione online sulla piattaforma Skyvote, ha comunicato il&#8230;<\/p>\n","protected":false},"author":2,"featured_media":204625,"comment_status":"closed","ping_status":"open","sticky":false,"template":"","format":"standard","meta":[],"categories":[49,51],"tags":[],"_links":{"self":[{"href":"https:\/\/www.cronacaonline.it\/index.php\/wp-json\/wp\/v2\/posts\/210494"}],"collection":[{"href":"https:\/\/www.cronacaonline.it\/index.php\/wp-json\/wp\/v2\/posts"}],"about":[{"href":"https:\/\/www.cronacaonline.it\/index.php\/wp-json\/wp\/v2\/types\/post"}],"author":[{"embeddable":true,"href":"https:\/\/www.cronacaonline.it\/index.php\/wp-json\/wp\/v2\/users\/2"}],"replies":[{"embeddable":true,"href":"https:\/\/www.cronacaonline.it\/index.php\/wp-json\/wp\/v2\/comments?post=210494"}],"version-history":[{"count":1,"href":"https:\/\/www.cronacaonline.it\/index.php\/wp-json\/wp\/v2\/posts\/210494\/revisions"}],"predecessor-version":[{"id":210495,"href":"https:\/\/www.cronacaonline.it\/index.php\/wp-json\/wp\/v2\/posts\/210494\/revisions\/210495"}],"wp:featuredmedia":[{"embeddable":true,"href":"https:\/\/www.cronacaonline.it\/index.php\/wp-json\/wp\/v2\/media\/204625"}],"wp:attachment":[{"href":"https:\/\/www.cronacaonline.it\/index.php\/wp-json\/wp\/v2\/media?parent=210494"}],"wp:term":[{"taxonomy":"category","embeddable":true,"href":"https:\/\/www.cronacaonline.it\/index.php\/wp-json\/wp\/v2\/categories?post=210494"},{"taxonomy":"post_tag","embeddable":true,"href":"https:\/\/www.cronacaonline.it\/index.php\/wp-json\/wp\/v2\/tags?post=210494"}],"curies":[{"name":"wp","href":"https:\/\/api.w.org\/{rel}","templated":true}]}}