{"id":210428,"date":"2021-08-06T09:04:50","date_gmt":"2021-08-06T07:04:50","guid":{"rendered":"https:\/\/www.cronacaonline.it\/?p=210428"},"modified":"2021-08-06T09:04:52","modified_gmt":"2021-08-06T07:04:52","slug":"coronavirus-siglata-ieri-lintesa-su-test-rapidi-in-farmacia-a-prezzo-calmierato","status":"publish","type":"post","link":"https:\/\/www.cronacaonline.it\/index.php\/2021\/08\/06\/coronavirus-siglata-ieri-lintesa-su-test-rapidi-in-farmacia-a-prezzo-calmierato\/","title":{"rendered":"Coronavirus, siglata ieri l\u2019intesa su test rapidi in farmacia a prezzo calmierato."},"content":{"rendered":"\n<p>Roma, 6 Ago 2021 - \u00c8 stato firmato ieri il protocollo d'intesa che garantir\u00e0 la somministrazione dei test antigenici rapidi - validi per l'emissione della certificazione digitale a prezzo calmierato - da parte delle farmacie aderenti. L'accordo \u00e8 stato predisposto dal Commissario straordinario Francesco Paolo Figliuolo d'intesa con il Ministro della Salute Roberto Speranza ed i presidenti di Federfarma, A.S.SO.FARM. e FarmacieUnite.<\/p>\n\n\n\n<p>Il documento prevede che presso le farmacie aderenti al protocollo d'intesa il prezzo del test a favore dei minori di et\u00e0 compresa tra i 12 e i 18 anni sar\u00e0 pari a 8 Euro, mentre per gli over 18 tale prezzo \u00e8 fissato a 15 Euro. In particolare, per i test eseguiti in favore dei minori tra i 12 e i 18 anni, le farmacie aderenti riceveranno un contributo da parte dell'Amministrazione Pubblica pari a 7 Euro.<\/p>\n\n\n\n<p>La remunerazione complessiva per le farmacie sar\u00e0 pari a 15 Euro, di cui 8 a carico dell'utente e 7 quale quota di contribuzione pubblica. I citati 15 Euro comprendono - oltre la prestazione professionale legata alla somministrazione e al rilascio della certificazione digitale - i costi di approvvigionamento dei test antigenici rapidi, del materiale di consumo, degli oneri logistici e ogni altro onere accessorio.<\/p>\n\n\n\n<p>Le prenotazioni, la gestione degli appuntamenti e l'esecuzione dei test verranno eseguiti autonomamente dalle farmacie, con priorit\u00e0 alla fascia di et\u00e0 12-18 anni. Il protocollo sar\u00e0 valido fino al 30 settembre 2021 e l'elenco delle farmacie aderenti sar\u00e0 pubblicato sul sito internet istituzionale del Commissario Straordinario all'emergenza Covid-19.<\/p>\n","protected":false},"excerpt":{"rendered":"<p>Roma, 6 Ago 2021 &#8211; \u00c8 stato firmato ieri il protocollo d&#8217;intesa che garantir\u00e0 la somministrazione dei test antigenici rapidi &#8211; validi per l&#8217;emissione della&#8230;<\/p>\n","protected":false},"author":2,"featured_media":186063,"comment_status":"closed","ping_status":"open","sticky":false,"template":"","format":"standard","meta":[],"categories":[49,51],"tags":[],"_links":{"self":[{"href":"https:\/\/www.cronacaonline.it\/index.php\/wp-json\/wp\/v2\/posts\/210428"}],"collection":[{"href":"https:\/\/www.cronacaonline.it\/index.php\/wp-json\/wp\/v2\/posts"}],"about":[{"href":"https:\/\/www.cronacaonline.it\/index.php\/wp-json\/wp\/v2\/types\/post"}],"author":[{"embeddable":true,"href":"https:\/\/www.cronacaonline.it\/index.php\/wp-json\/wp\/v2\/users\/2"}],"replies":[{"embeddable":true,"href":"https:\/\/www.cronacaonline.it\/index.php\/wp-json\/wp\/v2\/comments?post=210428"}],"version-history":[{"count":1,"href":"https:\/\/www.cronacaonline.it\/index.php\/wp-json\/wp\/v2\/posts\/210428\/revisions"}],"predecessor-version":[{"id":210430,"href":"https:\/\/www.cronacaonline.it\/index.php\/wp-json\/wp\/v2\/posts\/210428\/revisions\/210430"}],"wp:featuredmedia":[{"embeddable":true,"href":"https:\/\/www.cronacaonline.it\/index.php\/wp-json\/wp\/v2\/media\/186063"}],"wp:attachment":[{"href":"https:\/\/www.cronacaonline.it\/index.php\/wp-json\/wp\/v2\/media?parent=210428"}],"wp:term":[{"taxonomy":"category","embeddable":true,"href":"https:\/\/www.cronacaonline.it\/index.php\/wp-json\/wp\/v2\/categories?post=210428"},{"taxonomy":"post_tag","embeddable":true,"href":"https:\/\/www.cronacaonline.it\/index.php\/wp-json\/wp\/v2\/tags?post=210428"}],"curies":[{"name":"wp","href":"https:\/\/api.w.org\/{rel}","templated":true}]}}