{"id":210426,"date":"2021-08-06T08:57:47","date_gmt":"2021-08-06T06:57:47","guid":{"rendered":"https:\/\/www.cronacaonline.it\/?p=210426"},"modified":"2021-08-06T08:57:48","modified_gmt":"2021-08-06T06:57:48","slug":"covid-da-oggi-obbligatoria-la-carta-verde-green-pass-via-libera-ieri-sera-dal-cdm-al-nuovo-decreto-ecco-le-misure-previste","status":"publish","type":"post","link":"https:\/\/www.cronacaonline.it\/index.php\/2021\/08\/06\/covid-da-oggi-obbligatoria-la-carta-verde-green-pass-via-libera-ieri-sera-dal-cdm-al-nuovo-decreto-ecco-le-misure-previste\/","title":{"rendered":"Covid, da oggi obbligatoria la Carta Verde (Green Pass): via libera ieri sera dal Cdm al nuovo decreto: ecco le misure previste."},"content":{"rendered":"\n<p>Roma, 6 Ago 2021 - Via libera del Consiglio dei ministri al nuovo decreto sul Passaggio Verde (Green Pass). La riunione, che ha visto l'approvazione del decreto che disciplina il certificato verde digitale per scuole e trasporti, \u00e8 iniziata alle 17.25 ed \u00e8 durata circa 3 ore. Il decreto, tra l'altro, prevede l'obbligo del Passaggio Verde per i docenti, per gli studenti universitari e per chi usa trasporti a lunga percorrenza.\u00a0<\/p>\n\n\n\n<p>Da oggi invece in Italia scatta l'obbligo del certificato verde per poter avere accesso ad alcuni servizi, per esempio locali al chiuso, cinema, teatri e musei.&nbsp;Il nuovo&nbsp;Dl Covid, il secondo dedicato al&nbsp;Green pass, completer\u00e0 dunque il quadro dell'introduzione della certificazione verde avviata con lo scorso decreto che dal 6 agosto stabilisce l'obbligo della certificazione anti-Covid19 per accedere a ristoranti, musei, piscine, spettacoli aperti al pubblico, sagre, fiere, convegni e congressi, centri termali, parchi tematici e di divertimento.<\/p>\n\n\n\n<p>Tutto il personale della scuola e dell'universit\u00e0, \"al fine di garantire la salute pubblica e mantenere adeguate condizioni di sicurezza nell'erogazione in presenza del servizio essenziale d'istruzione\", dovr\u00e0 avere ed esibire la Carta Verde. \"Il mancato rispetto delle disposizioni \u00e8 considerata assenza ingiustificata e, a decorrere dal quinto giorno di assenza, il rapporto di lavoro \u00e8 sospeso e non sono dovuti la retribuzione n\u00e9 altro compenso o emolumento, comunque denominato\". \u00c8 quanto prevede la bozza del decreto.<\/p>\n\n\n\n<p>\"Nell'anno scolastico 2021-2022, al fine di assicurare il valore della scuola come comunit\u00e0 e di tutelare la sfera sociale e psico-affettiva della popolazione scolastica, sull'intero territorio nazionale, i servizi educativi per l'infanzia e l'attivit\u00e0 scolastica e didattica della scuola dell'infanzia, della scuola primaria e della scuola secondaria di primo e secondo grado sono svolti in presenza. Le attivit\u00e0 didattiche e curriculari delle Universit\u00e0 sono svolte prioritariamente in presenza\" si legge nella bozza del decreto approvato stasera. Resta l'obbligo di mascherine, fatta eccezione per i bambini di et\u00e0 inferiore ai sei anni, per i soggetti con patologie o disabilit\u00e0 incompatibili con l'uso dei predetti dispositivi e per lo svolgimento delle attivit\u00e0 sportive e il distanziamento. Fino al 31 dicembre 2021 i Presidenti delle regioni e delle province autonome di Trento e di Bolzano e i Sindaci, \"possono derogare, per specifiche aree del territorio o per singoli istituti, alle disposizioni di cui al comma 1 esclusivamente in zona rossa o arancione e in circostanze di eccezionale e straordinaria necessit\u00e0 dovuta all'insorgenza di focolai o al rischio estremamente elevato di diffusione del virus o di sue varianti nella popolazione scolastica\".<\/p>\n\n\n\n<p>Il Passaggio Verde sar\u00e0 dal 1 settembre obbligatorio su navi e traghetti interregionali ad esclusione dello Stretto di Messina, sui treni di tipo Intercity, Intercity Notte e Alta Velocit\u00e0, sugli autobus che collegano pi\u00f9 di due Regioni. Obbligo di certificazione verde anche per gli autobus adibiti a servizio di noleggio con conducente, ad eccezione di quelli aggiuntivi al servizio pubblico locale e regionale. Lo prevede la bozza del nuovo dl sul Passaggio Verde varata dal Cdm. L'obbligo non applica per i soggetti esclusi per et\u00e0 dalla campagna vaccinale e per i soggetti esentati dal vaccino con certificazione medica.<\/p>\n\n\n\n<p>Raggiunto l'accordo anche per quanto riguarda la capienza dei mezzi di trasporto: dal 50% all'80% dei posti disponibili, sia nel trasporto pubblico locale che in quello a lunga percorrenza, in zona bianca e gialla. Mentre non ci sar\u00e0 l'obbligo di Green pass per i clienti degli alberghi nei ristoranti e bar delle strutture a loro riservate.&nbsp;Per quanto riguarda i positivi al Covid 19, la quarantena per vaccinati scende da dieci a sette giorni.<\/p>\n\n\n\n<p>Continua a essere fortemente raccomandata la vaccinazione nella fascia di eta' 12-19 anni\", ha confermato la ministra per gli Affari Regionali, Mariastella Gelmini, oggi nel corso del question time alla Camera dei deputati.<\/p>\n\n\n\n<p>Durante la cabina di regia si \u00e8 infine raggiunta una intesa in base alla quale chi ha fatto due dosi del vaccino di Reithera sar\u00e0 esentato dal Green pass, mentre chi ha fatto una sola dose avr\u00e0 indicazione di fare la seconda dose con un vaccino riconosciuto, per ottenere cos\u00ec la certificazione verde.<\/p>\n\n\n\n<p>Ieri la Piattaforma nazionale-Dgc per l'emissione delle Certificazioni verdi Covid-19, registrava 61 milioni di&nbsp;certificazioni verdi&nbsp;emesse dal suo avvio, con quasi 48,3 milioni di queste gi\u00e0 scaricate dai cittadini attraverso i diversi canali.<\/p>\n\n\n\n<p>La Certificazione verde Covid-19 \u00e8 richiesta in Italia per partecipare alle feste per cerimonie civili e religiose, accedere a residenze sanitarie assistenziali o altre strutture, spostarsi in entrata e in uscita da territori classificati in \"zona rossa\" o \"zona arancione\".<\/p>\n\n\n\n<p>Da oggi sar\u00e0 l'unico lasciapassare per poter accedere alle seguenti attivit\u00e0: servizi di ristorazione svolti da qualsiasi esercizio per il consumo al tavolo, al chiuso; spettacoli aperti al pubblico, eventi e competizioni sportive; musei, altri istituti e luoghi della cultura e mostre; piscine, centri natatori, palestre, sport di squadra, centri benessere, anche all'interno di strutture ricettive, limitatamente alle attivit\u00e0 al chiuso; sagre e fiere, convegni e congressi; centri termali, parchi tematici e di divertimento; centri culturali, centri sociali e ricreativi, limitatamente alle attivit\u00e0 al chiuso e con esclusione dei centri educativi per l'infanzia, compresi i centri estivi, e le relative attivit\u00e0 di ristorazione; attivit\u00e0 di sale gioco, sale scommesse, sale bingo e casin\u00f2; concorsi pubblici.<\/p>\n\n\n\n<p>La Certificazione dovr\u00e0 attestare di aver fatto almeno una dose di vaccino oppure essere risultati negativi a un tampone molecolare o rapido nelle 48 ore precedenti oppure di essere guariti da Covid-19 nei sei mesi precedenti. La Certificazione verde non \u00e8 richiesta ai bambini esclusi per et\u00e0 dalla campagna vaccinale e ai soggetti esenti sulla base d'idonea certificazione medica.<\/p>\n\n\n\n<p>Chi \u00e8 iscritto al Servizio sanitario nazionale ed \u00e8 stato vaccinato all'estero contro il coronavirus, o che \u00e8 guarito fuori dall'Italia, potr\u00e0 richiedere il Passaggio Verde o Carta Verde, se si trova sul territorio nazionale. Lo stabilisce una circolare del ministero della Salute sulle modalit\u00e0 di rilascio delle certificazioni verdi Covid-19, che, per i cittadini italiani, riguarda anche i familiari conviventi, indipendentemente dal fatto che siano iscritti al servizio sanitario.<\/p>\n\n\n\n<p>Bisogner\u00e0 presentarsi nelle Aziende sanitarie locali di competenza territoriale, secondo modalit\u00e0 stabilite da Regioni e Province autonome, presentando documento di riconoscimento ed eventuale codice fiscale, oltre una serie di documenti, in formato cartaceo e\/o digitale, redatti in lingua inglese e, per la Provincia autonoma di Bolzano in inglese o tedesco. Nel caso i certificati prodotti siano in altra lingua, servir\u00e0 una traduzione giurata.<\/p>\n\n\n\n<p>Il Consiglio dei ministri ha approvato la nomina di Roberto Baldoni alla guida dell'agenzia per la sicurezza cibernetica. Lo si apprende da fonti governative. Il prefetto Alessandra Guidi, spiegano le stesse fonti, andr\u00e0 al Dis al posto di Baldoni.<\/p>\n\n\n\n<p>Romano, cinquantenne, con studi in ingegneria dell'informazione e diverse esperienze in atenei esteri, Baldoni \u00e8 uno dei massimi esperti italiani in fatto di sicurezza cibernetica. E a lui era stato affidato dal Dis il compito di costruire il Perimetro perla sicurezza nazionale cibernetica, durante il Conte-bis. La sfida di Baldoni sar\u00e0 innanzitutto quella di centralizzare lo scudo agli attacchi hacker per i sistemi informatici degli enti pubblici. L'obiettivo \u00e8 accompagnare l'istituzione di un \"cloud nazionale\" uniformando quindi la sicurezza cibernetica nella penisola, finora segnata dalla regionalizzazione.<\/p>\n\n\n\n<p>Il Consiglio dei ministri, su proposta del Presidente Mario Draghi e del Ministro della giustizia Marta Cartabia, ha approvato un decreto-legge che introduce misure urgenti in materia di crisi d'impresa e di risanamento aziendale, nonch\u00e9 ulteriori misure urgenti in materia di giustizia. Si tratta di un percorso di composizione esclusivamente volontario e caratterizzato da assoluta riservatezza. Il dl introduce l'istituto della \"composizione negoziata della crisi\", che rappresenta un nuovo strumento di ausilio alle imprese in difficolt\u00e0 finalizzato al loro risanamento.<\/p>\n\n\n\n<p>L'esame delle misure anti Covid e il confronto sulla campagna vaccinale sono avvenuti in un'atmosfera ben diversa da quella che caratterizzava le riunioni a marzo: \"Con cautela e allo stesso tempo con coraggio siamo andati incontro alle esigenze dell'economia e siamo riusciti a tenere sotto controllo la curva del contagio\". \u00c8 quanto ha detto il premier Mario Draghi, a quanto si apprende, in Consiglio dei ministri. Il Presidente del Consiglio ha fatto riferimento alla forte accelerazione impressa da febbraio alla campagna vaccinale, superando le 70 milioni di somministrazioni, e ha ricordato i decreti di sostegno all'economia, ai lavoratori e alle imprese, alle categorie pi\u00f9 colpite dalla crisi, come le partite Iva e gli operatori del turismo, con riferimento ai programmi di investimenti che hanno posto le basi per una ripresa duratura. \"Oggi l'economia italiana cresce molto pi\u00f9 velocemente di quanto prevedesse lo stesso Def - ha detto Draghi - e si prospetta un'espansione ben oltre il 5%\". Sul Pnrr, rivolto ai Ministri, Draghi ha sottolineato che \u00e8 \"frutto dell'energia che tutti voi avete profuso, un Piano che \u00e8 stato accolto con soddisfazione dalla Commissione europea e dai partner\", ricordando come il Governo abbia gi\u00e0 iniziato a varare le riforme previste nel Pnrr. Tra gli altri provvedimenti citati da Draghi: l'introduzione dell'assegno temporaneo per i figli; il decreto \"Lavoro e Imprese\" per tutelare i lavoratori in questa fase di uscita dalla pandemia; l'aver limitato severamente il traffico delle grandi navi nel bacino di San Marco, una misura attesa da molti anni e che \u00e8 stata accolta con grandissimo favore a livello internazionale; le disposizioni in materia di sicurezza cibernetica, con l'istituzione di un'agenzia nazionale, provvedimento divenuto legge ieri e che gi\u00e0 oggi viene attuato con la nomina del direttore dell'agenzia. \"Questi risultati - ha concluso Draghi - devono spronarci a continuare con la stessa determinazione quando torneremo dalla pausa estiva, perch\u00e9 sono ancora molti i provvedimenti che abbiamo in programma. Buone vacanze\".<\/p>\n\n\n\n<p>Al termine del Cdm i ministri Bianchi, Giovannini e Speranza hanno tenuto una conferenza stampa.<\/p>\n\n\n\n<p>\"Il provvedimento sul Passaggio Verde \u00e8 stato approvato all'unanimit\u00e0 in Cdm: per me non \u00e8 assolutamente la vittoria di una parte ma del paese perch\u00e9 \u00e8 un provvedimento giusto che ci aiuter\u00e0 a gestire questa fase\". Cos\u00ec il ministro della Salute Roberto Speranza nella conferenza stampa al termine del Cdm.<\/p>\n\n\n\n<p>\"Ancora per un mese e mezzo, anche senza green pass, sar\u00e0 possibile accedere nei locali al chiuso, nei treni, negli aerei, a scuola, nelle universit\u00e0, con il semplice certificato vaccinale o con il tampone negativo. Diamo tempo alle persone di organizzarsi\", ha aggiunto il ministro Speranza.<\/p>\n\n\n\n<p>\"Il mondo della scuola \u00e8 quello che ha reagito di pi\u00f9 e pi\u00f9 prontamente all'appello alla vaccinazione, stimiamo di essere intorno al 90% di&nbsp;vaccinati\". Cos\u00ec il ministro dell'Istruzione Patrizio Bianchi, in conferenza stampa dopo il Cdm.<\/p>\n\n\n\n<p>Se a scuola si verifica qualche caso di positivit\u00e0 al Covid, \"la quarantena di 10 giorni per chi non \u00e8 vaccinato scende a 7 per i vaccinati\" ha aggiunto il ministro Bianchi.<\/p>\n\n\n\n<p>\"Per il personale che non si vuole vaccinare vale l'invito a fare il tampone. In caso di rifiuto, si considera assenza ingiustificata e a decorrere dal quinto giorno il rapporto di lavoro \u00e8 sospeso, senza retribuzione.&nbsp; Non c'\u00e8 fine del rapporto di lavoro, \u00e8 un provvedimento cautelativo che ha al centro la sicurezza delle persone\", ha sottolineato ancora il ministro Bianchi.<\/p>\n\n\n\n<p>L'obbligo di green pass nel settore dei trasporti non riguarder\u00e0 i trasporti pubblici locali ma \u00e8 possibile, anche da settembre, \"una gestione del trasporto pubblico locale molto pi\u00f9 adeguata ai bisogni\". Lo spiega il ministro Enrico Giovannini, dopo la riunione del Consiglio dei Ministri, evidenziando i diversi fattori alla base di questa valutazione. Governo e Cts hanno deciso di applicare&nbsp;\"un tasso di riempimento per il tpl fissato all'80% in zona bianca,&nbsp;che rester\u00e0 tale anche in zona gialla\", ha annunciato Giovannini, spiegando che \"questo permetter\u00e0 agli enti locali di programmare meglio\" l'offerta di tpl. Peraltro \"stiamo cercando di orientare la domanda di trasporto non solo l'offerta\" ha aggiunto ricordando che sono state \"presentate le linee guida\" per le aziende maggiori nelle grandi citt\u00e0 per istituire il Direttore della citt\u00e0.&nbsp; Giovannini ha ricordato che da un sondaggio sulle intenzioni degli italiani post-vacanze \"emerge una quota significativa di persone che pensa di continuare con il telelavoro riducendo il peso sul tpl\". \"Quanto ai mezzi considerati emerge una domanda di tpl che potrebbe essere inferiore di circa il 20% rispetto ad ante Covid\" spiega.<\/p>\n","protected":false},"excerpt":{"rendered":"<p>Roma, 6 Ago 2021 &#8211; Via libera del Consiglio dei ministri al nuovo decreto sul Passaggio Verde (Green Pass). La riunione, che ha visto l&#8217;approvazione&#8230;<\/p>\n","protected":false},"author":2,"featured_media":189428,"comment_status":"closed","ping_status":"open","sticky":false,"template":"","format":"standard","meta":[],"categories":[49,50],"tags":[],"_links":{"self":[{"href":"https:\/\/www.cronacaonline.it\/index.php\/wp-json\/wp\/v2\/posts\/210426"}],"collection":[{"href":"https:\/\/www.cronacaonline.it\/index.php\/wp-json\/wp\/v2\/posts"}],"about":[{"href":"https:\/\/www.cronacaonline.it\/index.php\/wp-json\/wp\/v2\/types\/post"}],"author":[{"embeddable":true,"href":"https:\/\/www.cronacaonline.it\/index.php\/wp-json\/wp\/v2\/users\/2"}],"replies":[{"embeddable":true,"href":"https:\/\/www.cronacaonline.it\/index.php\/wp-json\/wp\/v2\/comments?post=210426"}],"version-history":[{"count":1,"href":"https:\/\/www.cronacaonline.it\/index.php\/wp-json\/wp\/v2\/posts\/210426\/revisions"}],"predecessor-version":[{"id":210427,"href":"https:\/\/www.cronacaonline.it\/index.php\/wp-json\/wp\/v2\/posts\/210426\/revisions\/210427"}],"wp:featuredmedia":[{"embeddable":true,"href":"https:\/\/www.cronacaonline.it\/index.php\/wp-json\/wp\/v2\/media\/189428"}],"wp:attachment":[{"href":"https:\/\/www.cronacaonline.it\/index.php\/wp-json\/wp\/v2\/media?parent=210426"}],"wp:term":[{"taxonomy":"category","embeddable":true,"href":"https:\/\/www.cronacaonline.it\/index.php\/wp-json\/wp\/v2\/categories?post=210426"},{"taxonomy":"post_tag","embeddable":true,"href":"https:\/\/www.cronacaonline.it\/index.php\/wp-json\/wp\/v2\/tags?post=210426"}],"curies":[{"name":"wp","href":"https:\/\/api.w.org\/{rel}","templated":true}]}}