{"id":210404,"date":"2021-08-05T15:53:53","date_gmt":"2021-08-05T13:53:53","guid":{"rendered":"https:\/\/www.cronacaonline.it\/?p=210404"},"modified":"2021-08-05T15:53:54","modified_gmt":"2021-08-05T13:53:54","slug":"covid-in-sardegna-in-aumento-vertiginoso-di-nuovi-casi-di-contagio-sono-stati-rilevati-nelle-ultime-24-ore-522-nuovi-e-4-decessi","status":"publish","type":"post","link":"https:\/\/www.cronacaonline.it\/index.php\/2021\/08\/05\/covid-in-sardegna-in-aumento-vertiginoso-di-nuovi-casi-di-contagio-sono-stati-rilevati-nelle-ultime-24-ore-522-nuovi-e-4-decessi\/","title":{"rendered":"Covid, in Sardegna in aumento vertiginoso di nuovi casi di contagio: sono stati rilevati nelle ultime 24 ore 522 nuovi e 4 decessi."},"content":{"rendered":"\n<p>Cagliari, 5 Ago 2021\u00a0- In Sardegna nelle ultime 24 ore sono stati registrati 522\u00a0nuovi casi e 4 decessi.<\/p>\n\n\n\n<p>I pazienti ricoverati nei reparti di terapia intensiva sono 19, lo stesso numero registrato ieri.&nbsp;I pazienti ricoverati in area medica sono 87, lo stesso numero registrato ieri.&nbsp;Seimila sono i casi di isolamento domiciliare (+426 rispetto a ieri).&nbsp;<\/p>\n\n\n\n<p>I deceduti sono un uomo di 73 anni, residente nella Citt\u00e0 Metropolitana di Cagliari; una donna di 80 anni, residente nella Citt\u00e0 Metropolitana di Cagliari; una donna di 74 anni, residente nella Citt\u00e0 Metropolitana di Cagliari e un uomo di 88 anni, residente nella Provincia del Sud Sardegna.<\/p>\n","protected":false},"excerpt":{"rendered":"<p>Cagliari, 5 Ago 2021\u00a0&#8211; In Sardegna nelle ultime 24 ore sono stati registrati 522\u00a0nuovi casi e 4 decessi. I pazienti ricoverati nei reparti di terapia&#8230;<\/p>\n","protected":false},"author":2,"featured_media":209023,"comment_status":"closed","ping_status":"open","sticky":false,"template":"","format":"standard","meta":[],"categories":[49,51],"tags":[],"_links":{"self":[{"href":"https:\/\/www.cronacaonline.it\/index.php\/wp-json\/wp\/v2\/posts\/210404"}],"collection":[{"href":"https:\/\/www.cronacaonline.it\/index.php\/wp-json\/wp\/v2\/posts"}],"about":[{"href":"https:\/\/www.cronacaonline.it\/index.php\/wp-json\/wp\/v2\/types\/post"}],"author":[{"embeddable":true,"href":"https:\/\/www.cronacaonline.it\/index.php\/wp-json\/wp\/v2\/users\/2"}],"replies":[{"embeddable":true,"href":"https:\/\/www.cronacaonline.it\/index.php\/wp-json\/wp\/v2\/comments?post=210404"}],"version-history":[{"count":1,"href":"https:\/\/www.cronacaonline.it\/index.php\/wp-json\/wp\/v2\/posts\/210404\/revisions"}],"predecessor-version":[{"id":210405,"href":"https:\/\/www.cronacaonline.it\/index.php\/wp-json\/wp\/v2\/posts\/210404\/revisions\/210405"}],"wp:featuredmedia":[{"embeddable":true,"href":"https:\/\/www.cronacaonline.it\/index.php\/wp-json\/wp\/v2\/media\/209023"}],"wp:attachment":[{"href":"https:\/\/www.cronacaonline.it\/index.php\/wp-json\/wp\/v2\/media?parent=210404"}],"wp:term":[{"taxonomy":"category","embeddable":true,"href":"https:\/\/www.cronacaonline.it\/index.php\/wp-json\/wp\/v2\/categories?post=210404"},{"taxonomy":"post_tag","embeddable":true,"href":"https:\/\/www.cronacaonline.it\/index.php\/wp-json\/wp\/v2\/tags?post=210404"}],"curies":[{"name":"wp","href":"https:\/\/api.w.org\/{rel}","templated":true}]}}