{"id":210402,"date":"2021-08-05T15:32:25","date_gmt":"2021-08-05T13:32:25","guid":{"rendered":"https:\/\/www.cronacaonline.it\/?p=210402"},"modified":"2021-08-05T16:39:45","modified_gmt":"2021-08-05T14:39:45","slug":"carta-verde-da-domani-scatta-lobbligo-cabina-di-regia-da-settembre-scuola-in-presenza","status":"publish","type":"post","link":"https:\/\/www.cronacaonline.it\/index.php\/2021\/08\/05\/carta-verde-da-domani-scatta-lobbligo-cabina-di-regia-da-settembre-scuola-in-presenza\/","title":{"rendered":"Carta Verde: da domani scatta l&#8217;obbligo. Cabina di regia: da settembre scuola in presenza."},"content":{"rendered":"\n<p>Roma, 5 Ago 2021 - Da domani, venerd\u00ec 6 agosto 2021, in Italia scatta l'obbligo della Carta Verde anti-Covid (Green pass, tradotto letteralmente, Passaggio verde), per poter avere accesso ad alcuni servizi, per esempio locali al chiuso, cinema, teatri e musei. Dalla cabina di regia svolta a Palazzo Chigi, si apprende che \u00e8 stata decisa&nbsp;la riapertura in presenza a settembre per le scuole di ogni ordine e grado.&nbsp;La norma non dovrebbe essere accompagnata da&nbsp;sanzioni.<\/p>\n\n\n\n<p>Inoltre la Carta Verde sar\u00e0 obbligatorio per il personale&nbsp;scolastico. \u00c8 stato altres\u00ec deciso che&nbsp;i tamponi per gli studenti delle&nbsp;scuole secondarie avranno prezzi calmierati. L'ipotesi della gratuit\u00e0 dei test anti-covid \u00e8&nbsp;stata scartata perch\u00e9 avrebbe potuto non incentivare i pi\u00f9 giovani a immunizzarsi.&nbsp;Sul versante delle misure di prevenzione&nbsp;del contagio Covid, il Green pass sar\u00e0 con ogni probabilit\u00e0 reso&nbsp;obbligatorio per gli studenti universitari.<\/p>\n\n\n\n<p>Sul tema trasporti, si va verso l'aumento della capienza&nbsp;dei trasporti a lunga percorrenza, a cominciare dai treni. L'orientamento emerso \u00e8 di&nbsp;aumentare la capienza dal 50% all'80% dei posti disponibili. Per la lunga percorrenza&nbsp;la misura entrer\u00e0 in vigore il 1 settembre anche se&nbsp;durante la cabina di regia si \u00e8 valutato di anticipare l'inizio&nbsp;della sua attuazione al 20 agosto. Il certificato verde, sui&nbsp;traghetti, non sar\u00e0 necessario per i viaggi intra-regionali. \u00c8 ancora in discussione se escludere dall'obbligo i traghetti che&nbsp;attraversano lo Stretto di Messina. Per quanto riguarda gli&nbsp;autobus i contorni dell'obbligatoriet\u00e0 del Green pass sono in&nbsp;via di definizione: l'ipotesi \u00e8 che valga per i viaggi in&nbsp;autobus che attraversano due regioni.<\/p>\n\n\n\n<p>Per i clienti degli alberghi che vogliono&nbsp;accedere ai ristoranti e ai bar al chiuso nelle strutture non ci sar\u00e0 invece l'obbligo della carta verde.<\/p>\n\n\n\n<p>I giorni obbligatori di quarantena per i vaccinati (con&nbsp;due dosi) positivi al Covid 19 dovrebbero scendere da dieci a sette. \u00c8 quanto&nbsp;sarebbe emerso durante la cabina di regia governativa che sta valutando le nuove&nbsp;misure che dovr\u00e0 varare il Consiglio dei ministri del pomeriggio. Restano dieci i giorni di quarantena&nbsp;per i non vaccinati.<\/p>\n\n\n\n<p>Nel frattempo,&nbsp;Regioni ed enti locali hanno dato&nbsp;parere favorevole, in Conferenza Unificata, al Piano scuola del&nbsp;ministro Patrizio Bianchi. E' quanto si apprende a margine della&nbsp;riunione.<\/p>\n\n\n\n<p>Tutto questo dovr\u00e0 per\u00f2 passare al vaglio del&nbsp;Consiglio dei Ministri&nbsp;convocato per le 16,30. All'ordine del giorno, tra l'altro, proprio le nuove misure per il contenimento del Covid-19 e per l'uso del Green pass. \u00c8 pronto anche il piano scuola predisposto dal ministro Bianchi che definir\u00e0 l'organizzazione della didattica per settembre.<\/p>\n\n\n\n<p>Il nuovo Dl Covid, il secondo dedicato al Green pass, completer\u00e0 il quadro dell'introduzione della certificazione verde avviata con lo scorso decreto che dal 6 agosto stabilisce l'obbligo della certificazione anti-Covid19 per accedere a ristoranti, musei, piscine, spettacoli aperti al pubblico, sagre, fiere, convegni e congressi, centri termali, parchi tematici e di divertimento.<\/p>\n\n\n\n<p>Sono tre le condizioni che consentono di ottenere il Green pass: essere guariti dal Covid19, aver fatto un tampone (negativo) nelle 48 ore precedenti o essersi sottoposti ad almeno una dose di vaccino.<\/p>\n\n\n\n<p>Lo scontro in atto tra le due anime dentro la maggioranza vede ancora una volta la Lega mettersi di traverso alla introduzione del lasciapassare su aerei e treni a lunga percorrenza, tanto che al momento si parla della possibilit\u00e0 di farlo partire a settembre, misura che, secondo altri partner di governo, risulterebbe per\u00f2 poco efficace perch\u00e9 lascerebbe fuori tutti gli italiani che rientreranno dalle ferie.<\/p>\n\n\n\n<p>Le misure che riguardano i lavoratori non dovrebbero essere contenute nel decreto, pi\u00f9 probabile si faccia un altro decreto pi\u00f9 avanti.<\/p>\n\n\n\n<p>Ieri la Piattaforma nazionale-Dgc per l'emissione delle Certificazioni verdi Covid-19, registrava 61 milioni di certificazioni verdi emesse dal suo avvio, con quasi 48,3 milioni di queste gi\u00e0 scaricate dai cittadini attraverso i diversi canali.<\/p>\n\n\n\n<p>La Certificazione verde Covid-19 \u00e8 richiesta in Italia per partecipare alle feste per cerimonie civili e religiose, accedere a residenze sanitarie assistenziali o altre strutture, spostarsi in entrata e in uscita da territori classificati in \"zona rossa\" o \"zona arancione\".<\/p>\n\n\n\n<p>Da domani sar\u00e0 l'unico lasciapassare per poter accedere alle seguenti attivit\u00e0: servizi di ristorazione svolti da qualsiasi esercizio per il consumo al tavolo, al chiuso; spettacoli aperti al pubblico, eventi e competizioni sportive; musei, altri istituti e luoghi della cultura e mostre; piscine, centri natatori, palestre, sport di squadra, centri benessere, anche all'interno di strutture ricettive, limitatamente alle attivit\u00e0 al chiuso; sagre e fiere, convegni e congressi; centri termali, parchi tematici e di divertimento; centri culturali, centri sociali e ricreativi, limitatamente alle attivit\u00e0 al chiuso e con esclusione dei centri educativi per l'infanzia, compresi i centri estivi, e le relative attivit\u00e0 di ristorazione; attivit\u00e0 di sale gioco, sale scommesse, sale bingo e casin\u00f2; concorsi pubblici.<\/p>\n\n\n\n<p>La Certificazione dovr\u00e0 attestare di aver fatto almeno una dose di vaccino oppure essere risultati negativi a un tampone molecolare o rapido nelle 48 ore precedenti oppure di essere guariti da Covid-19 nei sei mesi precedenti. La Certificazione verde non \u00e8 richiesta ai bambini esclusi per et\u00e0 dalla campagna vaccinale e ai soggetti esenti sulla base d'idonea certificazione medica.<\/p>\n\n\n\n<p>Chi \u00e8 iscritto al Servizio sanitario nazionale ed \u00e8 stato vaccinato all'estero contro il coronavirus, o che \u00e8 guarito fuori dall'Italia, potr\u00e0 richiedere la Carta Verde se si trova sul territorio nazionale. Lo stabilisce una circolare del ministero della Salute sulle modalit\u00e0 di rilascio delle certificazioni verdi Covid-19, che, per i cittadini italiani, riguarda anche i familiari conviventi, indipendentemente dal fatto che siano iscritti al servizio sanitario.<\/p>\n\n\n\n<p>Bisogner\u00e0 presentarsi nelle Aziende sanitarie locali di competenza territoriale, secondo modalit\u00e0 stabilite da Regioni e Province autonome, presentando documento di riconoscimento ed eventuale codice fiscale, oltre una serie di documenti, in formato cartaceo e\/o digitale, redatti in lingua inglese e, per la Provincia autonoma di Bolzano in inglese o tedesco. Nel caso i certificati prodotti siano in altra lingua, servir\u00e0 una traduzione giurata.<\/p>\n\n\n\n<p>\"Siamo d'accordo con le decisioni prese&nbsp;dal governo. Se il Green pass serve a far tornare gli alunni in&nbsp;presenza, ben venga. S\u00ec ai vaccini, no alla dad. Facile\". Lo&nbsp;scrive su Twitter il presidente della Regione Liguria, Giovanni&nbsp;Toti.<\/p>\n\n\n\n<p>Sono circa 11 milioni gli italiani sopra i dodici anni che saranno costretti a rinunciare a sedersi al tavolo in bar e ristoranti al chiuso dove possono trovare posto solo le persone che hanno avuto almeno una somministrazione di vaccino, sono guarite dal Covid nei sei mesi precedenti o hanno un tampone negativo. E\u2019 quanto emerge dall\u2019analisi della Coldiretti diffusa in occasione dell\u2019entrata in vigore dell\u2019obbligo del green pass. In difficolt\u00e0 - sottolinea&nbsp;Coldiretti - sono soprattutto gli esercizi situati nei centri urbani stretti fra traffico e asfalto mentre al contrario gli agriturismi godono della disponibilit\u00e0 di grandi aree all\u2019esterno che consentano di garantire al meglio le distanze.<\/p>\n\n\n\n<p>La Regione Piemonte ha scritto al&nbsp;Garante Nazionale della Privacy \"per avere conferma che agli&nbsp;esercenti privati non possano, e non debbano, essere attribuite&nbsp;funzioni tipiche dei pubblici ufficiali\". Lo rende noto&nbsp;l'assessore regionale agli Affari legali, Maurizio Marrone,&nbsp;secondo cui \"hanno ragione le associazioni di commercianti ed&nbsp;esercenti quando affermano che un ristoratore non ha alcun&nbsp;obbligo e titolarit\u00e0 di identificare i propri clienti esigendo&nbsp;l'esibizione dei documenti di identit\u00e0, quantomeno&nbsp;nell'ordinamento giuridico italiano\".<\/p>\n","protected":false},"excerpt":{"rendered":"<p>Roma, 5 Ago 2021 &#8211; Da domani, venerd\u00ec 6 agosto 2021, in Italia scatta l&#8217;obbligo della Carta Verde anti-Covid (Green pass, tradotto letteralmente, Passaggio verde),&#8230;<\/p>\n","protected":false},"author":2,"featured_media":209666,"comment_status":"closed","ping_status":"open","sticky":false,"template":"","format":"standard","meta":[],"categories":[49,50],"tags":[],"_links":{"self":[{"href":"https:\/\/www.cronacaonline.it\/index.php\/wp-json\/wp\/v2\/posts\/210402"}],"collection":[{"href":"https:\/\/www.cronacaonline.it\/index.php\/wp-json\/wp\/v2\/posts"}],"about":[{"href":"https:\/\/www.cronacaonline.it\/index.php\/wp-json\/wp\/v2\/types\/post"}],"author":[{"embeddable":true,"href":"https:\/\/www.cronacaonline.it\/index.php\/wp-json\/wp\/v2\/users\/2"}],"replies":[{"embeddable":true,"href":"https:\/\/www.cronacaonline.it\/index.php\/wp-json\/wp\/v2\/comments?post=210402"}],"version-history":[{"count":2,"href":"https:\/\/www.cronacaonline.it\/index.php\/wp-json\/wp\/v2\/posts\/210402\/revisions"}],"predecessor-version":[{"id":210410,"href":"https:\/\/www.cronacaonline.it\/index.php\/wp-json\/wp\/v2\/posts\/210402\/revisions\/210410"}],"wp:featuredmedia":[{"embeddable":true,"href":"https:\/\/www.cronacaonline.it\/index.php\/wp-json\/wp\/v2\/media\/209666"}],"wp:attachment":[{"href":"https:\/\/www.cronacaonline.it\/index.php\/wp-json\/wp\/v2\/media?parent=210402"}],"wp:term":[{"taxonomy":"category","embeddable":true,"href":"https:\/\/www.cronacaonline.it\/index.php\/wp-json\/wp\/v2\/categories?post=210402"},{"taxonomy":"post_tag","embeddable":true,"href":"https:\/\/www.cronacaonline.it\/index.php\/wp-json\/wp\/v2\/tags?post=210402"}],"curies":[{"name":"wp","href":"https:\/\/api.w.org\/{rel}","templated":true}]}}