{"id":210386,"date":"2021-08-05T12:11:38","date_gmt":"2021-08-05T10:11:38","guid":{"rendered":"https:\/\/www.cronacaonline.it\/?p=210386"},"modified":"2021-08-05T12:11:39","modified_gmt":"2021-08-05T10:11:39","slug":"tokyo-2020-stano-e-oro-nella-marcia-bronzo-paltrinieri-nei-10-km-rezza-in-canoa-e-argento","status":"publish","type":"post","link":"https:\/\/www.cronacaonline.it\/index.php\/2021\/08\/05\/tokyo-2020-stano-e-oro-nella-marcia-bronzo-paltrinieri-nei-10-km-rezza-in-canoa-e-argento\/","title":{"rendered":"Tokyo 2020 &#8211; Stano \u00e8 oro nella marcia. Bronzo Paltrinieri nei 10 km. Rezza in canoa \u00e8 argento."},"content":{"rendered":"\n<p>Tokyo, 5 Lug 2021 - Massimo Stano ha vinto la medaglia d'oro nella 20 km di marcia maschile disputata a Sapporo. L'azzurro ha chiuso la gara in 1h21'05\", precedendo i giapponesi Koki Ikeda (1h21'14\"), argento, e Toshikazu Yamanishi (1h21'28\"), bronzo. Chiude 15\u00b0 l'altro azzurro Francesco Fortunato (1h23'43\"). Si tratta della 33esima medaglia per l'Italia a questa edizione dei Giochi: 7 ori, 10 argenti, 16 bronzi.\u00a0 Stano,\u00a029enne, \u00e8 nato a Grumo Appula in Puglia ma vive a Roma insieme alla moglie ed ex collega Fatima Lofti. I suoi idoli sono l'ex marciatore azzurro Ivano Brugnetti e quello ecuadoriano Jefferson Perez. Al\u00a0traguardo Stano ha festeggiato con il gesto del dito in bocca a simboleggiare l'arrivo di un beb\u00e8. Tesserato per le Fiamme Oro era alla prima esperienza olimpica.<\/p>\n\n\n\n<p>Elia Viviani ha vinto la medaglia di bronzo nell'Omnium di ciclismo su pista. A&nbsp;Rio 2016 nella stessa disciplina (ma con sei prove invece che quattro) il portabandiera italiano a Tokyo 2020 aveva&nbsp;conquistato l'oro.&nbsp;L'azzurro si era imposto anche nella terza prova, quella dell'eliminazione, dopo essere arrivato tredicesimo 13 nello 'scratch' e undicesimo nella 'tempo race'.&nbsp;Il veronese, campione olimpico in carica, era parecchio indietro a met\u00e0 percorso ma ha saputo risalire nella seconda parte della sfida.&nbsp;Viviani \u00e8 stato preceduto dal britannico Matthew Walls, medaglia d'oro, e dal neozelandese Stewart Campbell, medaglia d'argento.<\/p>\n\n\n\n<p>L'impresa di Patrinieri che conquista una nuova medaglia. \"Ho voluto questo bronzo a tutti i costi, perch\u00e9&nbsp;queste Olimpiadi non mi avevano ancora appagato del tutto: adesso s\u00ec. Il quarto posto nei 1.500 stile libero \u00e8 stata una brutta botta\", \u00e8 stata la dichiarazione di Paltrinieri, dopo aver conquistato il bronzo alle Olimpiadi di Tokyo 2020 nella 10 chilometri di nuoto in acque libere.&nbsp;Un bronzo che vale oro, ripete il tecnico Fabrizio Antonelli dopo la performance nelle acque della baia di Odaiba.&nbsp;\u00c8 la prima volta nella storia dei Giochi che un atleta azzurro si prende due medaglie fra piscina (argento) e acque libere (bronzo).<\/p>\n","protected":false},"excerpt":{"rendered":"<p>Tokyo, 5 Lug 2021 &#8211; Massimo Stano ha vinto la medaglia d&#8217;oro nella 20 km di marcia maschile disputata a Sapporo. L&#8217;azzurro ha chiuso la&#8230;<\/p>\n","protected":false},"author":2,"featured_media":210387,"comment_status":"closed","ping_status":"open","sticky":false,"template":"","format":"standard","meta":[],"categories":[49,50],"tags":[],"_links":{"self":[{"href":"https:\/\/www.cronacaonline.it\/index.php\/wp-json\/wp\/v2\/posts\/210386"}],"collection":[{"href":"https:\/\/www.cronacaonline.it\/index.php\/wp-json\/wp\/v2\/posts"}],"about":[{"href":"https:\/\/www.cronacaonline.it\/index.php\/wp-json\/wp\/v2\/types\/post"}],"author":[{"embeddable":true,"href":"https:\/\/www.cronacaonline.it\/index.php\/wp-json\/wp\/v2\/users\/2"}],"replies":[{"embeddable":true,"href":"https:\/\/www.cronacaonline.it\/index.php\/wp-json\/wp\/v2\/comments?post=210386"}],"version-history":[{"count":1,"href":"https:\/\/www.cronacaonline.it\/index.php\/wp-json\/wp\/v2\/posts\/210386\/revisions"}],"predecessor-version":[{"id":210388,"href":"https:\/\/www.cronacaonline.it\/index.php\/wp-json\/wp\/v2\/posts\/210386\/revisions\/210388"}],"wp:featuredmedia":[{"embeddable":true,"href":"https:\/\/www.cronacaonline.it\/index.php\/wp-json\/wp\/v2\/media\/210387"}],"wp:attachment":[{"href":"https:\/\/www.cronacaonline.it\/index.php\/wp-json\/wp\/v2\/media?parent=210386"}],"wp:term":[{"taxonomy":"category","embeddable":true,"href":"https:\/\/www.cronacaonline.it\/index.php\/wp-json\/wp\/v2\/categories?post=210386"},{"taxonomy":"post_tag","embeddable":true,"href":"https:\/\/www.cronacaonline.it\/index.php\/wp-json\/wp\/v2\/tags?post=210386"}],"curies":[{"name":"wp","href":"https:\/\/api.w.org\/{rel}","templated":true}]}}