{"id":210240,"date":"2021-08-02T05:30:44","date_gmt":"2021-08-02T03:30:44","guid":{"rendered":"https:\/\/www.cronacaonline.it\/?p=210240"},"modified":"2021-08-02T05:30:46","modified_gmt":"2021-08-02T03:30:46","slug":"il-governo-pone-la-fiducia-alla-camera-sulla-riforma-della-giustizia","status":"publish","type":"post","link":"https:\/\/www.cronacaonline.it\/index.php\/2021\/08\/02\/il-governo-pone-la-fiducia-alla-camera-sulla-riforma-della-giustizia\/","title":{"rendered":"Il governo pone la fiducia alla Camera sulla riforma della giustizia."},"content":{"rendered":"\n<p>Roma, 2 Ago 2021 - Il governo, attraverso il ministro per i Rapporti con il\u00a0Parlamento, Federico D'Inc\u00e0, alla ripresa dei lavori in Aula dopo la Conferenza\u00a0dei capigruppo, ieri sera, ha posto la fiducia alla Camera sulla riforma della giustizia.<\/p>\n\n\n\n<p>La dichiarazione&nbsp;di D'Inc\u00e0 \u00e8 stata rumorosamente contestata da alcuni deputati della&nbsp;componente di Alternativa c'\u00e8 che hanno anche occupato i banchi del&nbsp;governo.<\/p>\n\n\n\n<p>Si \u00e8 conclusa cos\u00ec in aula alla Camera la discussione&nbsp;generale sul disegno di legge di riforma del processo penale.<\/p>\n\n\n\n<p>Due voti di fiducia sulla riforma&nbsp;della giustizia erano previsti ieri sera alla Camera a partire dalle&nbsp;22.30. Le due \"chiame\" inizieranno dopo le 24 ore previste dal&nbsp;regolamento, intorno alle 22.30. Le dichiarazioni di voto avranno inizio alle 20.45.<\/p>\n\n\n\n<p>Marted\u00ec si voteranno gli ordini&nbsp;del giorno a partire dalle 9. Quindi il voto finale sul&nbsp;provvedimento, che poi dovr\u00e0 passare all'esame del Senato.<\/p>\n\n\n\n<p>L'esame della&nbsp;riforma Cartabia del processo penale era iniziato nel pomeriggio con l'Aula della Camera che ha respinto la pregiudiziale di&nbsp;costituzionalit\u00e0 alla riforma del processo penale presentate da FdI e da&nbsp;l'Alternativa c'\u00e8. I s\u00ec sono stati 48, 357 i no.&nbsp;L'Assemblea \u00e8 quindi passata alla discussione generale.&nbsp;A&nbsp;illustrare il provvedimento \u00e8 stata la deputata e relatrice M5s al Ddl&nbsp;di riforma, Giulia Sarti.<\/p>\n\n\n\n<p>I deputati di Fratelli d'Italia hanno attuato un&nbsp;rigoroso ostruzionismo parlamentare nell'Aula della Camera, impegnata nell'esame&nbsp;della riforma del processo penale, con interventi a raffica, continui richiami al regolamento,&nbsp;interruzioni, cartelli.&nbsp;\u00c8 stata fatta anche la richiesta di voto a scrutinio segreto, respinta dal&nbsp;presidente Roberto Fico.<\/p>\n\n\n\n<p>Dopo ore di mediazione, il Consiglio dei ministri&nbsp;lo scorso gioved\u00ec ha dato il via libera per la seconda volta alla riforma della giustizia, con l'accordo su termini pi\u00f9 lunghi per i processi relativi a reati gravi come mafia, terrorismo, violenza sessuale. La riforma riguarda solo i reati commessi dopo il&nbsp;1 gennaio 2020 ed entrer\u00e0 in vigore gradualmente, per consentire agli uffici giudiziari di organizzarsi; anche tenendo conto dell\u2019arrivo dei 16.500 assistenti dei magistrati, previsti dall\u2019Ufficio del processo; e dei circa 5mila per il personale amministrativo.<\/p>\n\n\n\n<p>L'accordo sul provvedimento dovrebbe essere ormai \"blindato\" ma nel governo l'attenzione rimane altissima soprattutto nei confronti di possibili strappi dentro il M5s. \"Adesso tutti rispettino i patti\", ha invocato la Guardasigilli, Marta Cartabia.<\/p>\n\n\n\n<p>Al voto sulle pregiudiziali di costituzionalit\u00e0 sono stati in 41 i&nbsp;deputati del Movimento 5 stelle che non hanno partecipato, senza essere in missione. Sono invece 13 gli&nbsp;assenti M5s 'giustificati' in quanto in missione.<\/p>\n\n\n\n<p>Il timore \u00e8 che ci possa essere qualcuno o qualche partito che possa mettere nuovi paletti e aprire nuove questioni. Non \u00e8 infatti passato inosservato il via libera all'emendamento dell'azzurro Pierantonio Zanettin in cui si chiedono \"criteri pi\u00f9 stringenti\" per la riapertura delle indagini: la previsione potrebbe rischiare di sollevare ulteriori dubbi tra i 5 Stelle che hanno anche dovuto rinunciare ad un esplicito riferimento ad un allungamento dei tempi di prescrizione per i reati contro la Pa e che intanto, ad esempio, si uniscono a Leu per chiedere di dare pi\u00f9 tempo ai processi perle catastrofi ambientali.<\/p>\n\n\n\n<p>Fonti di governo ritengono \"improbabile\" che ci possano essere modifiche dell'ultimo minuto, ma intanto Giuseppe Conte raduna i 5 Stelle. L'ex premier sta partecipando a una riunione con i deputati e senatori proprio per fare il punto sulla riforma.<\/p>\n\n\n\n<p>\"Oggi c'\u00e8 stato un episodio che non&nbsp;mi \u00e8 piaciuto. \u00c8 vero che era domenica, che la nostra presenza&nbsp;non era fondamentale, ma noi la nostra forza politica la&nbsp;dimostriamo con la compattezza. Chi vuole bene al M5s partecipa&nbsp;alle votazioni ed ai processi decisori compattamente, esprimendo&nbsp;la nostra linea\". Lo ha detto, a quanto si apprende, Giuseppe Conte, ai parlamentari M5s.<\/p>\n\n\n\n<p>Sull'assenza dei parlamentari M5s in Aula \u00e8 intervenuto anche Danilo Toninelli nel corso dell'assemblea dei parlamentari del M5s: \"Credo che il voto degli iscritti&nbsp;sulla giustizia sarebbe stato un elemento di forza e non di&nbsp;debolezza. Io do per scontato che il voto sarebbe favorevole e&nbsp;quindi ricompatterebbe il gruppo che, come sai Giuseppe,&nbsp;scricchiola. Io penso anche che se pure si interpellano gli&nbsp;iscritti, nessuno toglier\u00e0 il merito del risultato di questa&nbsp;trattativa a chi lo ha portato a termine. Prendo atto che \u00e8&nbsp;stato deciso diversamente ma incrocio le dita che questo non&nbsp;porti qualcuno a non votarlo....\".&nbsp;<\/p>\n\n\n\n<p>\"Quando ragioniamo di queste cose,&nbsp;come la giustizia, vi dovete fidare di chi ha le competenze. Bisogna partire dalla conoscenza tecnica approfondita delle&nbsp;questioni altrimenti andiamo avanti a slogan come tutti gli&nbsp;altri e smettiamo di fare politica. Noi andiamo avanti a&nbsp;competenza e capacit\u00e0. E cuore\". Lo ha detto, si apprende, Giuseppe Conte, ai parlamentari M5s.&nbsp;\"Io ho l'impressione che molte delle reazioni che ho&nbsp;ascoltato siano frutto di pressioni che arrivano dai social,&nbsp;dalla base. Ma noi dobbiamo agire con la conoscenza, altrimenti&nbsp;smettiamo di fare politica\", aggiunge.<\/p>\n\n\n\n<p>Lunedi e marted\u00ec il nuovo M5s di Conte con il suo nuovo Statuto sar\u00e0 sottoposto al voto della base: passer\u00e0 solo se avr\u00e0 raggiunto la maggioranza assoluta degli iscritti, altrimenti si dovr\u00e0 andare in seconda convocazione, il 5 e 6 agosto, dove il quorum sar\u00e0 la maggioranza dei votanti. Per Conte la sfida non sar\u00e0 tanto quella di ottenere una larga maggioranza, quanto quella di portare alle \"urne\" un numero consistente di iscritti.<\/p>\n\n\n\n<p>E questo sar\u00e0 il vero nodo della votazione. Perch\u00e9 molti degli iscritti al M5s rimasti \"in sonno\" sulla vecchia piattaforma Rousseau non avranno ricevuto l'invito a votare ma anche perch\u00e9 altri deliberatamente non voteranno. O voteranno No. Un meet-up di Catania lo ha scritto nero su bianco: \"Noi voteremo NO al nuovo Statuto che pone un uomo solo al comando, in spregio ai valori fondanti del nostro Movimento\".<\/p>\n\n\n\n<p>I principi della riforma della Giustizia sono condivisibili, ma per raggiungere gli obiettivi, garantendo la non impunit\u00e0 e mettendo al sicuro i processi incorso, non basta una legge, servono pi\u00f9 risorse. Lo sottolinea a Repubblica David Ermini, vicepresidente del Csm, che invita a passare \"dall'astrattezza delle norme a concreti investimenti e misure organizzative\". I fondi Recovery possono bastare per il contingente, riflette, ma va mantenuto l'impegno di destinare una parte significativa del Pil alla giustizia. E avverte: \"Dico subito che se le cose dovessero andare male non si potr\u00e0 gettare la responsabilit\u00e0 sulla magistratura\".<\/p>\n","protected":false},"excerpt":{"rendered":"<p>Roma, 2 Ago 2021 &#8211; Il governo, attraverso il ministro per i Rapporti con il\u00a0Parlamento, Federico D&#8217;Inc\u00e0, alla ripresa dei lavori in Aula dopo la&#8230;<\/p>\n","protected":false},"author":2,"featured_media":200938,"comment_status":"closed","ping_status":"open","sticky":false,"template":"","format":"standard","meta":[],"categories":[49,51],"tags":[],"_links":{"self":[{"href":"https:\/\/www.cronacaonline.it\/index.php\/wp-json\/wp\/v2\/posts\/210240"}],"collection":[{"href":"https:\/\/www.cronacaonline.it\/index.php\/wp-json\/wp\/v2\/posts"}],"about":[{"href":"https:\/\/www.cronacaonline.it\/index.php\/wp-json\/wp\/v2\/types\/post"}],"author":[{"embeddable":true,"href":"https:\/\/www.cronacaonline.it\/index.php\/wp-json\/wp\/v2\/users\/2"}],"replies":[{"embeddable":true,"href":"https:\/\/www.cronacaonline.it\/index.php\/wp-json\/wp\/v2\/comments?post=210240"}],"version-history":[{"count":1,"href":"https:\/\/www.cronacaonline.it\/index.php\/wp-json\/wp\/v2\/posts\/210240\/revisions"}],"predecessor-version":[{"id":210241,"href":"https:\/\/www.cronacaonline.it\/index.php\/wp-json\/wp\/v2\/posts\/210240\/revisions\/210241"}],"wp:featuredmedia":[{"embeddable":true,"href":"https:\/\/www.cronacaonline.it\/index.php\/wp-json\/wp\/v2\/media\/200938"}],"wp:attachment":[{"href":"https:\/\/www.cronacaonline.it\/index.php\/wp-json\/wp\/v2\/media?parent=210240"}],"wp:term":[{"taxonomy":"category","embeddable":true,"href":"https:\/\/www.cronacaonline.it\/index.php\/wp-json\/wp\/v2\/categories?post=210240"},{"taxonomy":"post_tag","embeddable":true,"href":"https:\/\/www.cronacaonline.it\/index.php\/wp-json\/wp\/v2\/tags?post=210240"}],"curies":[{"name":"wp","href":"https:\/\/api.w.org\/{rel}","templated":true}]}}