{"id":210160,"date":"2021-07-30T10:13:00","date_gmt":"2021-07-30T08:13:00","guid":{"rendered":"https:\/\/www.cronacaonline.it\/?p=210160"},"modified":"2021-07-30T10:13:01","modified_gmt":"2021-07-30T08:13:01","slug":"istat-in-5-mesi-oltre-400-mila-occupati-tasso-disoccupazione-al-97-a-giugno-166-mila-occupati","status":"publish","type":"post","link":"https:\/\/www.cronacaonline.it\/index.php\/2021\/07\/30\/istat-in-5-mesi-oltre-400-mila-occupati-tasso-disoccupazione-al-97-a-giugno-166-mila-occupati\/","title":{"rendered":"Istat, in 5 mesi oltre 400 mila occupati. Tasso disoccupazione al 9,7%. A giugno +166 mila occupati."},"content":{"rendered":"\n<p>Roma, 30 Lug 2921- Nel mese di giugno si registra, rispetto al mese precedente, un aumento degli occupati e una diminuzione sia dei disoccupati sia degli inattivi. La crescita dell'occupazione (+0,7%, pari a +166 mila unit\u00e0) si osserva per gli uomini, le donne, i dipendenti, gli autonomi e per tutte le classi d'et\u00e0. Il tasso di occupazione sale al 57,9% (+0,5 punti).<\/p>\n\n\n\n<p>Lo comunica Istat, segnalando che si rafforza la tendenza alla crescita iniziata a febbraio 2021, con un aumento nei cinque mesi di oltre 400 mila occupati; la risalita non coinvolge i lavoratori autonomi, che perdono 44 mila unit\u00e0, nonostante il recupero di 39 mila unit\u00e0 nell'ultimo mese.<\/p>\n\n\n\n<p>Rispetto a febbraio 2020, mese precedente a quello di inizio della pandemia, il numero di occupati \u00e8 ancora inferiore di oltre 470 mila unit\u00e0; il tasso di occupazione \u00e8 pi\u00f9 basso di 0,8 punti percentuali, il tasso di inattivit\u00e0 rimane superiore di un punto percentuale.&nbsp;Nel confronto annuo, il numero di occupati \u00e8 superiore a quello di giugno 2020 dell'1,2% (+267mila unit\u00e0). Confrontando il secondo trimestre di quest'anno con il precedente, il livello dell'occupazione \u00e8 pi\u00f9 elevato dell'1,0%, con un aumento di 223mila unit\u00e0.<\/p>\n\n\n\n<p>La crescita riguarda uomini e donne, dipendenti e lavoratori di ogni classe di et\u00e0 ad eccezione dei 35-49enni, mentre il tasso di occupazione - in aumento di 1,1 punti percentuali - sale per tutte le classi di et\u00e0.<\/p>\n\n\n\n<p>A giugno la diminuzione del numero di persone in cerca di lavoro (-5,1% rispetto a maggio, pari a -131mila unit\u00e0) riguarda entrambe le componenti di genere e tutte le classi d'et\u00e0. Il tasso di disoccupazione scende al 9,7% (-0,5 punti) e torna, dopo cinque mesi, sotto la soglia del 10%; tra i giovani si attesta al 29,4% (-1,3 punti).&nbsp;<\/p>\n\n\n\n<p>Il mese di giugno mostra, su base mensile, dinamiche simili per donne e uomini sia rispetto al tasso d\u2019occupazione, che cresce di 0,5 punti tra le prime e di 0,4 punti tra i secondi, sia rispetto a quello di disoccupazione, che diminuisce rispettivamente di 0,3 e 0,7 punti; l'inattivit\u00e0, invece, aumenta tra i maschi (+0,2 punti) e diminuisce tra le femmine (-0,4 punti). Su base annua, l'andamento dei tassi \u00e8 concorde per l'occupazione, in&nbsp;aumento di 0,9 punti per gli uomini e di 1,3 punti per le donne, e per l'inattivit\u00e0, che scende rispettivamente di 0,9 punti e di 1,7 punti;&nbsp;il tasso di disoccupazione, stabile per i maschi, cresce di 0,4 punti&nbsp;tra le femmine.<\/p>\n","protected":false},"excerpt":{"rendered":"<p>Roma, 30 Lug 2921- Nel mese di giugno si registra, rispetto al mese precedente, un aumento degli occupati e una diminuzione sia dei disoccupati sia&#8230;<\/p>\n","protected":false},"author":2,"featured_media":4842,"comment_status":"closed","ping_status":"open","sticky":false,"template":"","format":"standard","meta":[],"categories":[49,51],"tags":[],"_links":{"self":[{"href":"https:\/\/www.cronacaonline.it\/index.php\/wp-json\/wp\/v2\/posts\/210160"}],"collection":[{"href":"https:\/\/www.cronacaonline.it\/index.php\/wp-json\/wp\/v2\/posts"}],"about":[{"href":"https:\/\/www.cronacaonline.it\/index.php\/wp-json\/wp\/v2\/types\/post"}],"author":[{"embeddable":true,"href":"https:\/\/www.cronacaonline.it\/index.php\/wp-json\/wp\/v2\/users\/2"}],"replies":[{"embeddable":true,"href":"https:\/\/www.cronacaonline.it\/index.php\/wp-json\/wp\/v2\/comments?post=210160"}],"version-history":[{"count":1,"href":"https:\/\/www.cronacaonline.it\/index.php\/wp-json\/wp\/v2\/posts\/210160\/revisions"}],"predecessor-version":[{"id":210161,"href":"https:\/\/www.cronacaonline.it\/index.php\/wp-json\/wp\/v2\/posts\/210160\/revisions\/210161"}],"wp:featuredmedia":[{"embeddable":true,"href":"https:\/\/www.cronacaonline.it\/index.php\/wp-json\/wp\/v2\/media\/4842"}],"wp:attachment":[{"href":"https:\/\/www.cronacaonline.it\/index.php\/wp-json\/wp\/v2\/media?parent=210160"}],"wp:term":[{"taxonomy":"category","embeddable":true,"href":"https:\/\/www.cronacaonline.it\/index.php\/wp-json\/wp\/v2\/categories?post=210160"},{"taxonomy":"post_tag","embeddable":true,"href":"https:\/\/www.cronacaonline.it\/index.php\/wp-json\/wp\/v2\/tags?post=210160"}],"curies":[{"name":"wp","href":"https:\/\/api.w.org\/{rel}","templated":true}]}}