{"id":210152,"date":"2021-07-29T20:19:02","date_gmt":"2021-07-29T18:19:02","guid":{"rendered":"https:\/\/www.cronacaonline.it\/?p=210152"},"modified":"2021-07-29T20:19:03","modified_gmt":"2021-07-29T18:19:03","slug":"giustizia-in-cdm-raggiunta-lintesa-sulla-riforma-cartabia-ok-anche-del-m5s","status":"publish","type":"post","link":"https:\/\/www.cronacaonline.it\/index.php\/2021\/07\/29\/giustizia-in-cdm-raggiunta-lintesa-sulla-riforma-cartabia-ok-anche-del-m5s\/","title":{"rendered":"Giustizia: in Cdm raggiunta l&#8217;intesa sulla riforma Cartabia, ok anche del M5S."},"content":{"rendered":"\n<p>Roma, 29 Lug 2021 - Via libera del Consiglio dei ministri\u00a0alla proposta di mediazione sulla riforma del processo penale. A\u00a0quanto si apprende, c'\u00e8 il via libera anche del M5s.<\/p>\n\n\n\n<p>L'intesa \u00e8 stata trovata dopo una seduta fiume che ha subito&nbsp;una lunga sospensione.&nbsp;Alla fine la riforma ha avuto via libera all'unanimit\u00e0.&nbsp;Lo ha confermato il ministro per i&nbsp;rapporti con il Parlamento Federico D'Inc\u00e0, rispondendo ai cronisti all'uscita&nbsp;da Palazzo Chigi.<\/p>\n\n\n\n<p>La fumata bianca \u00e8 giunta dopo 8 ore di trattativa. Il M5s&nbsp;incassa il regime&nbsp;speciale per tutti i reati di mafia, fuori dalla griglia&nbsp;dell'improcedibilit\u00e0.<\/p>\n\n\n\n<p>Nel dettaglio, l'intesa dovrebbe prevedere nessun timing per i reati&nbsp;riconducibili al 416 bis e ter, dunque processi sine die. Mentre per i&nbsp;reati aggravati da mafia sei anni di appello, con un regime&nbsp;transitorio da qui al 2024. Dal 2025, l'appello scender\u00e0 a 5 anni.<\/p>\n\n\n\n<p>\u00c8 la mediazione passata in Consiglio dei ministri. La proposta, frutto di una mediazione&nbsp;del Pd con il ministro Orlando, avrebbe assorbito i dubbi del M5s sull'improcedibilit\u00e0 per l'articolo 416 bis.1 del codice&nbsp;penale, sull'aggravante mafiosa. Una deroga esplicita per quei&nbsp;reati ci sarebbe nella fase transitoria, con la possibilit\u00e0 di&nbsp;termini fino a 5 anni a regime.<\/p>\n\n\n\n<p>C'\u00e8 \"l'impegno a ritirare tutti gli&nbsp;emendamenti presentati dalle forze di maggioranza con&nbsp;l'obiettivo di concludere nei prossimi giorni\" l'approvazione&nbsp;della riforma. Lo dice la ministra Marta Cartabia parlando fuori&nbsp;da Palazzo Chigi dopo il Cdm.<\/p>\n\n\n\n<p>\u201c\u00c8 una giornata importante: lunghe&nbsp;riflessioni per arrivare a un'approvazione all'unanimit\u00e0 con&nbsp;convinzione da parte di tutte le forze politiche. Ora c'\u00e8&nbsp;l'obiettivo di accelerare il pi\u00f9 possibile per concludere se&nbsp;possibile prima della pausa estiva questa importantissima&nbsp;riforma\".<\/p>\n\n\n\n<p>\"Abbiamo apportato degli&nbsp;aggiustamenti, come annunciato la scorsa settimana con Draghi,&nbsp;alla luce del dibattito molto vivace che si \u00e8 sviluppato in&nbsp;queste settimane sia da parte delle forze politiche che degli operatori e degli uffici giudiziari che saranno i primi ad&nbsp;essere chiamati alla grande sfida di implementare una riforma&nbsp;cos\u00ec significativa e innovativa nel nostro paese\".<\/p>\n\n\n\n<p>\"L'obiettivo \u00e8 garantire una giustizia&nbsp;celere, nel rispetto della ragionevole durata del processo, e&nbsp;allo stesso tempo garantire che nessun processo vada in fumo\".<\/p>\n\n\n\n<p>\u201c\u00c8 stata una giornata molto impegnativa: si tratta&nbsp;di lavori in corso, non \u00e8 la nostra riforma ma abbiamo lavorato&nbsp;costruttivamente per dare un contributo a migliorarla\". Lo ha detto il leader in&nbsp;pectore del M5s Giuseppe Conte, commentando l'intesa sulla riforma della&nbsp;giustizia.<\/p>\n\n\n\n<p>Oltre alle ipotesi sulla tempistica dell'esame in Aula della riforma del processo penale - tra cui far slittare la discussione generale da venerd\u00ec a domenica pomeriggio - nella maggioranza si ragiona anche sulle possibili modalit\u00e0 con cui procedere nell'esame del ddl una volta approdato in Aula.<\/p>\n\n\n\n<p>Con il raggiungimento dell'accordo politico tra governo e forze di maggioranza, l'iter in commissione potrebbe essere abbastanza veloce, con l'esame dei soli emendamenti concordati tra governo e gruppi e il ritiro di tutte le altre proposte di modifica (fatta eccezione per quelle delle opposizioni, oltre una quarantina di FdI, una quindicina di Alternativa c'\u00e8).<\/p>\n\n\n\n<p>La commissione Giustizia quindi potrebbe licenziare il provvedimento per l'Aula in tempi relativamente brevi. Il ddl arriverebbe In Aula \"blindato\" dall'accordo politico.<\/p>\n\n\n\n<p>Una volta avviato l'esame da parte dell'Assemblea, il governo presenterebbe un emendamento contenente le modifiche gi\u00e0 esaminate dallo scorso Cdm. A quel punto si tornerebbe in commissione per un passaggio rapido necessario ad approvare le modifiche proposte dal governo e poi di nuovo in Aula con la fiducia.<\/p>\n","protected":false},"excerpt":{"rendered":"<p>Roma, 29 Lug 2021 &#8211; Via libera del Consiglio dei ministri\u00a0alla proposta di mediazione sulla riforma del processo penale. A\u00a0quanto si apprende, c&#8217;\u00e8 il via&#8230;<\/p>\n","protected":false},"author":2,"featured_media":183611,"comment_status":"closed","ping_status":"open","sticky":false,"template":"","format":"standard","meta":[],"categories":[49,50],"tags":[],"_links":{"self":[{"href":"https:\/\/www.cronacaonline.it\/index.php\/wp-json\/wp\/v2\/posts\/210152"}],"collection":[{"href":"https:\/\/www.cronacaonline.it\/index.php\/wp-json\/wp\/v2\/posts"}],"about":[{"href":"https:\/\/www.cronacaonline.it\/index.php\/wp-json\/wp\/v2\/types\/post"}],"author":[{"embeddable":true,"href":"https:\/\/www.cronacaonline.it\/index.php\/wp-json\/wp\/v2\/users\/2"}],"replies":[{"embeddable":true,"href":"https:\/\/www.cronacaonline.it\/index.php\/wp-json\/wp\/v2\/comments?post=210152"}],"version-history":[{"count":1,"href":"https:\/\/www.cronacaonline.it\/index.php\/wp-json\/wp\/v2\/posts\/210152\/revisions"}],"predecessor-version":[{"id":210153,"href":"https:\/\/www.cronacaonline.it\/index.php\/wp-json\/wp\/v2\/posts\/210152\/revisions\/210153"}],"wp:featuredmedia":[{"embeddable":true,"href":"https:\/\/www.cronacaonline.it\/index.php\/wp-json\/wp\/v2\/media\/183611"}],"wp:attachment":[{"href":"https:\/\/www.cronacaonline.it\/index.php\/wp-json\/wp\/v2\/media?parent=210152"}],"wp:term":[{"taxonomy":"category","embeddable":true,"href":"https:\/\/www.cronacaonline.it\/index.php\/wp-json\/wp\/v2\/categories?post=210152"},{"taxonomy":"post_tag","embeddable":true,"href":"https:\/\/www.cronacaonline.it\/index.php\/wp-json\/wp\/v2\/tags?post=210152"}],"curies":[{"name":"wp","href":"https:\/\/api.w.org\/{rel}","templated":true}]}}