{"id":210129,"date":"2021-07-29T12:26:43","date_gmt":"2021-07-29T10:26:43","guid":{"rendered":"https:\/\/www.cronacaonline.it\/?p=210129"},"modified":"2021-07-29T12:26:45","modified_gmt":"2021-07-29T10:26:45","slug":"decessi-covid-saliti-del-46-per-cento-in-una-settimana-gimbe-siamo-nella-quarta-ondata","status":"publish","type":"post","link":"https:\/\/www.cronacaonline.it\/index.php\/2021\/07\/29\/decessi-covid-saliti-del-46-per-cento-in-una-settimana-gimbe-siamo-nella-quarta-ondata\/","title":{"rendered":"Decessi Covid saliti del 46 per cento in una settimana, Gimbe: &#8220;Siamo nella quarta ondata&#8221;."},"content":{"rendered":"\n<p>Roma, 29 Lug 2021 - Dai casi ai decessi, passando per i ricoveri, cresce l'epidemia e \"di fatto siamo entrati nella 4\/a ondata\". Dopo 15 settimane di calo, tornano a salire le vittime:111 nell'ultima settimana, sono state il 46% in pi\u00f9 rispetto ai 76 della settimana precedente. Lo rileva il monitoraggio indipendente della Fondazione Gimbe relativo alla settimana 21-27 luglio 2021, che vede un incremento settimanale del 64,8% di nuovi casi (31.963 rispetto 19.390), un aumento del 42,9% di persone in isolamento (68.510 rispetto a 47.951), un aumento del 34,9% di ricoveri con sintomi (1.611 rispetto a 1.194) e del 14,5% delle terapie intensive.<\/p>\n\n\n\n<p>\"Dopo i primi segnali di risalita registrati la&nbsp;scorsa settimana - afferma Renata Gili, responsabile Ricerca sui Servizi Sanitari della Fondazione Gimbe - si conferma un lieve&nbsp; incremento dei ricoveri che documentano l'impatto ospedaliero&nbsp; dell'aumentata circolazione virale\".<\/p>\n\n\n\n<p>Complessivamente, il numero di posti letto occupati da parte di&nbsp;pazienti Covid in area medica \u00e8 passato dai 1.088 del 16 luglio ai&nbsp;1.611 del 27 luglio e quello delle terapie intensive dai 151 del 14&nbsp;luglio ai 189 del 27 luglio, anche se le percentuali rimangono molto&nbsp;basse: a livello nazionale 3% in area medica e 2% nelle terapie intensive, con tutte le Regioni che registrano valori nettamente inferiori al 15% per l'area medica e al 10% per l'area critica. \"Gli&nbsp;ingressi giornalieri in terapia intensiva - spiega Marco Mosti,&nbsp;direttore operativo della Fondazione Gimbe - continuano lentamente a&nbsp;crescere: la media mobile a 7 giorni \u00e8 di 14 ingressi\/die rispetto ai&nbsp;10 della settimana precedente\".<\/p>\n\n\n\n<p>\u201cDi fatto siamo nella fase crescente dell'epidemia Avendo riaperto pi\u00f9 tardi siamo un po' indietro rispetto alla Gran Bretagna e altri Paesi europei, ma lo scenario che vedremo&nbsp;sar\u00e0 il medesimo\". Lo ha affermato il virologo Fabrizio Pregliasco,&nbsp;direttore sanitario IRCCS Galeazzi di Milano, intervenuto ai microfoni della trasmissione ''Sfide quotidiane'' condotta da Roberta Sias su&nbsp;Cusano Italia Tv.<\/p>\n\n\n\n<p>\"Stiamo gi\u00e0 vedendo crescere l'occupazione dei posti letto nei reparti e nelle terapie intensive - ha aggiunto - per\u00f2 abbiamo l'evidenza&nbsp;anche in Italia dell'efficacia della vaccinazione nell'evitare&nbsp;soprattutto le forme pi\u00f9 gravi. Il 99% dei decessi da febbraio ad oggi sono di soggetti non vaccinati o vaccinati con una singola dose. Il vaccino non copre completamente dall'infezione, solo nell'88%&nbsp;garantisce di evitare l'infezione, che comunque nei vaccinati decorre in maniera sostanzialmente asintomatica''.<\/p>\n","protected":false},"excerpt":{"rendered":"<p>Roma, 29 Lug 2021 &#8211; Dai casi ai decessi, passando per i ricoveri, cresce l&#8217;epidemia e &#8220;di fatto siamo entrati nella 4\/a ondata&#8221;. Dopo 15&#8230;<\/p>\n","protected":false},"author":2,"featured_media":204493,"comment_status":"closed","ping_status":"open","sticky":false,"template":"","format":"standard","meta":[],"categories":[49,51],"tags":[],"_links":{"self":[{"href":"https:\/\/www.cronacaonline.it\/index.php\/wp-json\/wp\/v2\/posts\/210129"}],"collection":[{"href":"https:\/\/www.cronacaonline.it\/index.php\/wp-json\/wp\/v2\/posts"}],"about":[{"href":"https:\/\/www.cronacaonline.it\/index.php\/wp-json\/wp\/v2\/types\/post"}],"author":[{"embeddable":true,"href":"https:\/\/www.cronacaonline.it\/index.php\/wp-json\/wp\/v2\/users\/2"}],"replies":[{"embeddable":true,"href":"https:\/\/www.cronacaonline.it\/index.php\/wp-json\/wp\/v2\/comments?post=210129"}],"version-history":[{"count":1,"href":"https:\/\/www.cronacaonline.it\/index.php\/wp-json\/wp\/v2\/posts\/210129\/revisions"}],"predecessor-version":[{"id":210130,"href":"https:\/\/www.cronacaonline.it\/index.php\/wp-json\/wp\/v2\/posts\/210129\/revisions\/210130"}],"wp:featuredmedia":[{"embeddable":true,"href":"https:\/\/www.cronacaonline.it\/index.php\/wp-json\/wp\/v2\/media\/204493"}],"wp:attachment":[{"href":"https:\/\/www.cronacaonline.it\/index.php\/wp-json\/wp\/v2\/media?parent=210129"}],"wp:term":[{"taxonomy":"category","embeddable":true,"href":"https:\/\/www.cronacaonline.it\/index.php\/wp-json\/wp\/v2\/categories?post=210129"},{"taxonomy":"post_tag","embeddable":true,"href":"https:\/\/www.cronacaonline.it\/index.php\/wp-json\/wp\/v2\/tags?post=210129"}],"curies":[{"name":"wp","href":"https:\/\/api.w.org\/{rel}","templated":true}]}}