{"id":209990,"date":"2021-07-26T15:42:25","date_gmt":"2021-07-26T13:42:25","guid":{"rendered":"https:\/\/www.cronacaonline.it\/?p=209990"},"modified":"2021-07-26T15:42:26","modified_gmt":"2021-07-26T13:42:26","slug":"incendio-nelloristanese-si-continua-a-lavorare-dal-cielo-e-da-terra-dopo-60-ore-di-ininterrotti-interventi-si-profila-un-disastro-ambientale-enorme-la-giunta-sardegna-ha-decretato-lo-stato","status":"publish","type":"post","link":"https:\/\/www.cronacaonline.it\/index.php\/2021\/07\/26\/incendio-nelloristanese-si-continua-a-lavorare-dal-cielo-e-da-terra-dopo-60-ore-di-ininterrotti-interventi-si-profila-un-disastro-ambientale-enorme-la-giunta-sardegna-ha-decretato-lo-stato\/","title":{"rendered":"Incendio nell\u2019oristanese: si continua a lavorare dal cielo e da terra dopo 60 ore di ininterrotti interventi. Si profila un disastro ambientale enorme. La Giunta Sardegna ha decretato lo stato di emergenza."},"content":{"rendered":"\n<p>Cagliari, 26 Lug 2021 - La Giunta regionale della Sardegna, che brucia ininterrottamente da oltre 60 ore, ha decretato lo stato di emergenza.\u00a0<\/p>\n\n\n\n<p>Pesante il bilancio di questo grande disastro ambientale causato dall\u2019incendio scoppiato in provincia di Oristano e non ancora del tutto domato: quasi 1.500 persone sfollate.<\/p>\n\n\n\n<p>Si stima che le fiamme abbiano percorso circa 20 mila ettari, ma il dato \u00e8 ancora provvisorio. Case e aziende danneggiate. Cinque Canadair della flotta nazionale hanno ripreso a lanciare acqua stamane sull'Oristanese, che brucia ormai da due giorni.&nbsp; Per una maggiore rapidit\u00e0 di risoluzione dell'emergenza, il Dipartimento della Protezione Civile ha attivato un modulo internazionale di cooperazione.<\/p>\n\n\n\n<p>\u00c8 stato pubblicato dalla Protezione Civile regionale&nbsp;un nuovo bollettino di previsione di pericolo incendio per la giornata di oggi, luned\u00ec 26 luglio. L'area colpita si estende anche su parte del Nuorese. Un numero ancora imprecisato di animali \u00e8 rimasto ucciso, in un fine settimana fra i pi\u00f9 disastrosi che si ricordino in quella parte della Sardegna.<\/p>\n\n\n\n<p>Le immagini arrivate ieri dai luoghi del rogo sono sconvolgenti: greggi carbonizzate, il cielo oscurato dal fumo, fiamme ovunque, a ridosso di case e strade, a illuminare la notte e a tenere svegli interi paesi. Il danno ambientale \u00e8 incalcolabile.<\/p>\n\n\n\n<p>Il fuoco ha devastato i boschi del Montiferru, fra le zone verdi dell'isola, e aziende agricole e costretto centinaia di uomini e donne, fra sabato e domenica, a lasciare le loro case per precauzione. Non sono ancora potute rientrare un'ottantina di persone: 50 anziani di una casa di riposo di Cuglieri, uno dei Comuni pi\u00f9 colpiti dalle fiamme, e trenta abitanti di Borore (Nuoro). Sono attesi altri quattro Canadair, due dalla Francia e altrettanti dalla Grecia: i primi sono in volo verso la Sardegna, gli altri due sono gi\u00e0 atterrati ad Alghero alle 4.30. (Stamane sono cominciate anche le operazioni di bonifica.<\/p>\n\n\n\n<p>I fronti del fuoco sono ancora attivi nell'Oristanese fra Scano Montiferro, dove ieri erano state evacuate oltre 400 persone, e Tresnuraghes. Alle squadre locali che hanno lavorato tutta la notte, si sono aggiunte le colonne mobili del Corpo forestale regionale, dell'Agenzia Forestas e della Protezione civile, arrivate da Cagliari, Nuoro e Sassari. Sono in volo anche gli elicotteri della flotta regionale, incluso il SuperPuma decollato da Fenosu.<\/p>\n\n\n\n<p>A terra sono operative 57 unit\u00e0 dei vigili del fuoco, di cui 28 provenienti dai comandi di Nuoro, Sassari e Cagliari e 29 del comando di Oristano: sono impegnate, in particolare a Santu Lussurgiu, Cuglieri, Tresnuraghes (dove tre squadre hanno lavorato tutta la notte e protetto due attivit\u00e0 ricettive), e nella borgata marina di Porto Alabe, Flussio, Sennariolo, Usellus, Scano Montiferro e Cabras.<\/p>\n\n\n\n<p>Il vento ha cambiato pi\u00f9 volte direzione negli ultimi giorni e reso ancora pi\u00f9 impegnative le operazioni di spegnimento, condotte anche in collaborazione con un elicottero del Reparto volo dei vigili del fuoco di Sassari. Intanto, l'ultimo bollettino della Protezione civile regionale segnala per oggi un codice arancione (ieri era rosso) in buona parte della Sardegna, incluso il Cagliaritano e l'area dell'Oristanese.<\/p>\n\n\n\n<p>Intere comunit\u00e0 sono in ginocchio, i danni ingenti e ancora da stimare, in una zona della Sardegna gi\u00e0 particolarmente colpita dalla pandemia e dalla carenza di servizi sanitari, come denunciato la scorsa settimana dai sindaci dell'Oristanese che avevano manifestato sulla strada statale 131.<\/p>\n\n\n\n<p>\"Chiediamo un'immediata indagine\", sollecita Claudio Atzori, presidente di Legacoop Sardegna, \"per verificare il perch\u00e9 dei danni a case e aziende, dentro o a ridosso dei paesi, che avrebbero dovuto avere protezione, attraverso una maggiore attenzione in fase manutenzione del territorio e prevenzione\".&nbsp;<\/p>\n","protected":false},"excerpt":{"rendered":"<p>Cagliari, 26 Lug 2021 &#8211; La Giunta regionale della Sardegna, che brucia ininterrottamente da oltre 60 ore, ha decretato lo stato di emergenza.\u00a0 Pesante il&#8230;<\/p>\n","protected":false},"author":2,"featured_media":209965,"comment_status":"closed","ping_status":"open","sticky":false,"template":"","format":"standard","meta":[],"categories":[49,50],"tags":[],"_links":{"self":[{"href":"https:\/\/www.cronacaonline.it\/index.php\/wp-json\/wp\/v2\/posts\/209990"}],"collection":[{"href":"https:\/\/www.cronacaonline.it\/index.php\/wp-json\/wp\/v2\/posts"}],"about":[{"href":"https:\/\/www.cronacaonline.it\/index.php\/wp-json\/wp\/v2\/types\/post"}],"author":[{"embeddable":true,"href":"https:\/\/www.cronacaonline.it\/index.php\/wp-json\/wp\/v2\/users\/2"}],"replies":[{"embeddable":true,"href":"https:\/\/www.cronacaonline.it\/index.php\/wp-json\/wp\/v2\/comments?post=209990"}],"version-history":[{"count":1,"href":"https:\/\/www.cronacaonline.it\/index.php\/wp-json\/wp\/v2\/posts\/209990\/revisions"}],"predecessor-version":[{"id":209991,"href":"https:\/\/www.cronacaonline.it\/index.php\/wp-json\/wp\/v2\/posts\/209990\/revisions\/209991"}],"wp:featuredmedia":[{"embeddable":true,"href":"https:\/\/www.cronacaonline.it\/index.php\/wp-json\/wp\/v2\/media\/209965"}],"wp:attachment":[{"href":"https:\/\/www.cronacaonline.it\/index.php\/wp-json\/wp\/v2\/media?parent=209990"}],"wp:term":[{"taxonomy":"category","embeddable":true,"href":"https:\/\/www.cronacaonline.it\/index.php\/wp-json\/wp\/v2\/categories?post=209990"},{"taxonomy":"post_tag","embeddable":true,"href":"https:\/\/www.cronacaonline.it\/index.php\/wp-json\/wp\/v2\/tags?post=209990"}],"curies":[{"name":"wp","href":"https:\/\/api.w.org\/{rel}","templated":true}]}}