{"id":209894,"date":"2021-07-23T17:20:25","date_gmt":"2021-07-23T15:20:25","guid":{"rendered":"https:\/\/www.cronacaonline.it\/?p=209894"},"modified":"2021-07-23T17:20:26","modified_gmt":"2021-07-23T15:20:26","slug":"brusaferro-iss-i-giovani-alimentano-i-casi-lrt-si-proietta-a-un-valore-pari-a-1-55","status":"publish","type":"post","link":"https:\/\/www.cronacaonline.it\/index.php\/2021\/07\/23\/brusaferro-iss-i-giovani-alimentano-i-casi-lrt-si-proietta-a-un-valore-pari-a-1-55\/","title":{"rendered":"Brusaferro (Iss): &#8220;I giovani alimentano i casi. L&#8217;Rt si proietta a un valore pari a 1.55&#8221;."},"content":{"rendered":"\n<p>Roma, 23 Lug 2021 - \"Crescono da 2267 a 2958 i comuni con almeno un caso di Covid e l'incidenza mostra come in quasi tutte le regioni vi sia una marcata crescita. La crescita \u00e8 caratterizzata\u00a010-19 e 20-29 anni e quindi \u00e8 la popolazione pi\u00f9\u00a0giovane che alimenta i nuovi casi dell'epidemia. I casi crescono anche in Italia come in molti paesi europei\".<\/p>\n\n\n\n<p>Lo ha detto il presidente dell'Istituto superiore di sanit\u00e0, Silvio Brusaferro, alla conferenza stampa al ministero della Salute sull'analisi dei dati del monitoraggio regionale della Cabina di regia. \"La mappa europea vede molti&nbsp;Paesi migrare dal verde verso il giallo e verso il rosso intenso\" per&nbsp;rischio Covid. \"E in questa settimana vediamo che anche alcune regioni italiane entrano nella zona gialla, insieme alla Danimarca, a larga&nbsp;parte della Francia. Vediamo anche che l'Irlanda \u00e8 rossa, la Grecia \u00e8&nbsp;gialla con alcune zone come Creta e Cipro rosse\", la penisola iberica&nbsp;\u00e8 rossa. \"E il dato trova conferma nella curva: anche l'Italia&nbsp;comincia ad avere un trend in crescita\" ha spiegato.<\/p>\n\n\n\n<p>\"L'Rt si proietta a 1.55 e si sta abbassando l'et\u00e0 media dell'infezione a 25 anni e l'et\u00e0 media di ricovero in terapia intensiva a 55 anni\" ha aggiunto Brusaferro.<\/p>\n\n\n\n<p>\"Sta aumentando la quota della variante delta e sta progressivamente decrescendo la variante alfa. Dal 5 giugno al 19 luglio la mappa conferma questo dato\" ha spiegato il presidente dell'Istituto superiore di sanit\u00e0.<\/p>\n\n\n\n<p>\"Oltre il 50% tra 20 e 29 anni ha fatto almeno una dose di vaccino e questo \u00e8 un dato importante. Stanno crescendo le vaccinazioni\".<\/p>\n\n\n\n<p>\"L'Incidenza \u00e8 raddoppiata, l'impatto sui servizi sanitari \u00e8 limitato ma&nbsp;la variante delta aumenta e diventer\u00e0 dominante. Da qui l'importanza di completare il ciclo vaccinale e rispettare le misure di distanziamento e l'uso delle mascherine\" ha concluso&nbsp;Brusaferro. Anche per il direttore generale della Prevenzione del ministero della Salute, Gianni Rezza, \"la situazione si sta complicando con un aumento dei casi in molti paesi europei, questo fa s\u00ec che gli italiani che vanno all'estero anche per vacanza rischiano di essere bloccati. Bisogna correre a vaccinarsi\".<\/p>\n\n\n\n<p>\"Si stanno studiando le esenzioni ai green pass: ad esempio chi non pu\u00f2 completare il ciclo vaccinale perch\u00e9&nbsp;magari ha avuto una reazione allergica grave alla prima dose del vaccino, e ci sono anche altri casi che stiamo studiando. Ci sar\u00e0 una circolare in tempi brevissimi per arrivare pronti al 6 agosto\" ha concluso Rezza.<\/p>\n","protected":false},"excerpt":{"rendered":"<p>Roma, 23 Lug 2021 &#8211; &#8220;Crescono da 2267 a 2958 i comuni con almeno un caso di Covid e l&#8217;incidenza mostra come in quasi tutte&#8230;<\/p>\n","protected":false},"author":2,"featured_media":191284,"comment_status":"closed","ping_status":"open","sticky":false,"template":"","format":"standard","meta":[],"categories":[49,51],"tags":[],"_links":{"self":[{"href":"https:\/\/www.cronacaonline.it\/index.php\/wp-json\/wp\/v2\/posts\/209894"}],"collection":[{"href":"https:\/\/www.cronacaonline.it\/index.php\/wp-json\/wp\/v2\/posts"}],"about":[{"href":"https:\/\/www.cronacaonline.it\/index.php\/wp-json\/wp\/v2\/types\/post"}],"author":[{"embeddable":true,"href":"https:\/\/www.cronacaonline.it\/index.php\/wp-json\/wp\/v2\/users\/2"}],"replies":[{"embeddable":true,"href":"https:\/\/www.cronacaonline.it\/index.php\/wp-json\/wp\/v2\/comments?post=209894"}],"version-history":[{"count":1,"href":"https:\/\/www.cronacaonline.it\/index.php\/wp-json\/wp\/v2\/posts\/209894\/revisions"}],"predecessor-version":[{"id":209895,"href":"https:\/\/www.cronacaonline.it\/index.php\/wp-json\/wp\/v2\/posts\/209894\/revisions\/209895"}],"wp:featuredmedia":[{"embeddable":true,"href":"https:\/\/www.cronacaonline.it\/index.php\/wp-json\/wp\/v2\/media\/191284"}],"wp:attachment":[{"href":"https:\/\/www.cronacaonline.it\/index.php\/wp-json\/wp\/v2\/media?parent=209894"}],"wp:term":[{"taxonomy":"category","embeddable":true,"href":"https:\/\/www.cronacaonline.it\/index.php\/wp-json\/wp\/v2\/categories?post=209894"},{"taxonomy":"post_tag","embeddable":true,"href":"https:\/\/www.cronacaonline.it\/index.php\/wp-json\/wp\/v2\/tags?post=209894"}],"curies":[{"name":"wp","href":"https:\/\/api.w.org\/{rel}","templated":true}]}}