{"id":209843,"date":"2021-07-22T17:52:03","date_gmt":"2021-07-22T15:52:03","guid":{"rendered":"https:\/\/www.cronacaonline.it\/?p=209843"},"modified":"2021-07-22T17:52:05","modified_gmt":"2021-07-22T15:52:05","slug":"green-pass-per-bar-e-ristoranti-ma-solo-al-chiuso-e-al-tavolo-poi-palestre-cinema-e-teatro","status":"publish","type":"post","link":"https:\/\/www.cronacaonline.it\/index.php\/2021\/07\/22\/green-pass-per-bar-e-ristoranti-ma-solo-al-chiuso-e-al-tavolo-poi-palestre-cinema-e-teatro\/","title":{"rendered":"Green Pass per bar e ristoranti, ma solo al chiuso e al tavolo. Poi palestre, cinema e teatro."},"content":{"rendered":"\n<p>Roma, 22 Lug 2021 - Il Green pass, dal prossimo 5 agosto, servir\u00e0 per accedere ai tavoli al chiuso di bar e ristoranti, non sar\u00e0 invece necessario per consumare al bancone, anche se al chiuso. Baster\u00e0, per\u00f2, avere anche solo la prima dose di vaccino, aver fatto un tampone negativo nelle 48 ore precedenti o essere guariti dal Covid nei sei mesi precedenti. Il pass servir\u00e0 inoltre per i grandi eventi e per entrare a teatro, al cinema e in palestra.<\/p>\n\n\n\n<p>Questo \u00e8 quanto \u00e8 stato deciso oggi pomeriggio nel corso della cabina di regia a Palazzo Chigi. Non si \u00e8 discusso di trasporti, n\u00e9 a lunga percorrenza n\u00e9 locali.&nbsp; Le discoteche resteranno chiuse. Si riduce il tempo della quarantena se un vaccinato viene a contatto con un positivo e possiede il green pass.<\/p>\n\n\n\n<p>Lo stato d\u2019emergenza per il Covid dovrebbe essere prorogato fino al 31 dicembre 2021.<\/p>\n\n\n\n<p>Il governo anche deciso di cambiare i parametri per la zona gialla: la soglia viene fissata al 10% per le terapie intensive e al 15% per le ospedalizzazioni.&nbsp;Per la zona arancione terapie intensive al 20% e al 30% per le aree mediche, per la zona rossa rispettivamente al 30 e al 40%.<\/p>\n\n\n\n<p>In Consiglio dei Ministri i leghisti chiederanno di tenere al 20% il tetto delle Terapie Intensive (che oggi sono occupate in media al 2%) per il cambio di fascia, l\u2019esclusione dei ristoranti e dei bar dall\u2019obbligo di utilizzo del lasciapassare, la riapertura immediata (anche col Pass) delle discoteche e la gratuit\u00e0 dei tamponi per chiunque sia sprovvisto del Pass. Salvare vite e posti di lavoro allo stesso tempo, senza multe e costrizioni, \u00e8 il nostro obiettivo\u201d.<\/p>\n","protected":false},"excerpt":{"rendered":"<p>Roma, 22 Lug 2021 &#8211; Il Green pass, dal prossimo 5 agosto, servir\u00e0 per accedere ai tavoli al chiuso di bar e ristoranti, non sar\u00e0&#8230;<\/p>\n","protected":false},"author":2,"featured_media":189428,"comment_status":"closed","ping_status":"open","sticky":false,"template":"","format":"standard","meta":[],"categories":[49,51],"tags":[],"_links":{"self":[{"href":"https:\/\/www.cronacaonline.it\/index.php\/wp-json\/wp\/v2\/posts\/209843"}],"collection":[{"href":"https:\/\/www.cronacaonline.it\/index.php\/wp-json\/wp\/v2\/posts"}],"about":[{"href":"https:\/\/www.cronacaonline.it\/index.php\/wp-json\/wp\/v2\/types\/post"}],"author":[{"embeddable":true,"href":"https:\/\/www.cronacaonline.it\/index.php\/wp-json\/wp\/v2\/users\/2"}],"replies":[{"embeddable":true,"href":"https:\/\/www.cronacaonline.it\/index.php\/wp-json\/wp\/v2\/comments?post=209843"}],"version-history":[{"count":1,"href":"https:\/\/www.cronacaonline.it\/index.php\/wp-json\/wp\/v2\/posts\/209843\/revisions"}],"predecessor-version":[{"id":209844,"href":"https:\/\/www.cronacaonline.it\/index.php\/wp-json\/wp\/v2\/posts\/209843\/revisions\/209844"}],"wp:featuredmedia":[{"embeddable":true,"href":"https:\/\/www.cronacaonline.it\/index.php\/wp-json\/wp\/v2\/media\/189428"}],"wp:attachment":[{"href":"https:\/\/www.cronacaonline.it\/index.php\/wp-json\/wp\/v2\/media?parent=209843"}],"wp:term":[{"taxonomy":"category","embeddable":true,"href":"https:\/\/www.cronacaonline.it\/index.php\/wp-json\/wp\/v2\/categories?post=209843"},{"taxonomy":"post_tag","embeddable":true,"href":"https:\/\/www.cronacaonline.it\/index.php\/wp-json\/wp\/v2\/tags?post=209843"}],"curies":[{"name":"wp","href":"https:\/\/api.w.org\/{rel}","templated":true}]}}