{"id":209793,"date":"2021-07-22T09:41:08","date_gmt":"2021-07-22T07:41:08","guid":{"rendered":"https:\/\/www.cronacaonline.it\/?p=209793"},"modified":"2021-07-22T09:41:09","modified_gmt":"2021-07-22T07:41:09","slug":"dl-covid-la-proposta-delle-regioni-zona-gialla-con-20-di-intensive-e-30-di-ricoveri-ordinari","status":"publish","type":"post","link":"https:\/\/www.cronacaonline.it\/index.php\/2021\/07\/22\/dl-covid-la-proposta-delle-regioni-zona-gialla-con-20-di-intensive-e-30-di-ricoveri-ordinari\/","title":{"rendered":"Dl Covid, la proposta delle Regioni: zona gialla con 20% di intensive e 30% di ricoveri ordinari."},"content":{"rendered":"\n<p>Roma, 22 Lug 2021 - Governo al lavoro per definire il nuovo decreto Covid, che dovr\u00e0 stabilire la proroga dello stato di emergenza, i criteri per decidere i \"colori\" delle regioni e le norme per l'utilizzo del green pass.<\/p>\n\n\n\n<p>La cabina di regia e il Consiglio dei ministri per dare il via libera al provvedimento, secondo quanto si apprende da fonti di governo, dovrebbero tenersi oggi, con uno slittamento di un giorno rispetto alla data&nbsp;inizialmente prevista.<\/p>\n\n\n\n<p>Slitta invece la decisione su trasporto pubblico e scuola Secondo le informazioni che filtrano Il trasporto pubblico locale non sar\u00e0 tra i temi oggetto del decreto: fonti governative fanno trapelare che una decisione sull'eventuale uso del Green pass per autobus e metropolitane sar\u00e0 presa in un secondo momento. La decisione potrebbe arrivare insieme a quella sulla scuola per la quale, come viene confermato, la valutazione sar\u00e0 fatta pi\u00f9 avanti, alla luce dei dati su contagi e vaccinazioni.<\/p>\n\n\n\n<p>Per quanto riguarda la proroga dello stato di emergenza (in scadenza il 31 luglio) l'orientamento sarebbe quello di portare il termine al prossimo 31 dicembre, quando sar\u00e0 possibile fare un punto sulla pandemia a campagna di vaccinazione conclusa. Sicuramente saranno cambiati i criteri per la definizione delle zone (bianca, gialla, arancione, rossa) delle Regioni. Dovrebbero essere abbandonati i parametri relativi ai contagi e all'incidenza, in favore di un conteggio basato su ospedalizzazioni e occupazione delle terapie intensive, anche in relazione all'andamento delle vaccinazioni.<\/p>\n\n\n\n<p>Su questo oggi \u00e8 arrivata la proposta della Conferenza delle Regioni, che suggerisce di stabilire, per la zona gialla, il limite massimo di occupazione dei posti letto in area medica al 30% e quello delle terapie intensive al 20%.<\/p>\n\n\n\n<p>C'\u00e8 infine il capitolo green pass, quello pi\u00f9 controverso, in particolare per l'opposizione della Lega alle restrizioni. Potrebbe essere mantenuto il rilascio dopo la prima dose, ma con un \"pressing\" a completare il ciclo entro breve tempo. Inoltre, potrebbero essere individuate tipologie di luoghi, attivit\u00e0, eventi a cui per partecipare sar\u00e0 necessario esibire il green pass. In base alla \"categoria di rischio\", per alcuni sar\u00e0 sufficiente avere ricevuto la prima dose, per altri (come i grandi eventi) ne serviranno due. Anche su questo, i governatori hanno avanzato oggi la loro proposta. L'obiettivo, ha spiegato il presidente della Conferenza delle Regioni Massimiliano Fedriga, \u00e8 \"permettere la ripresa di attivit\u00e0 fino a oggi non consentite. Ad esempio grandi eventi sportivi e di spettacolo, discoteche, fiere e congressi\".<\/p>\n\n\n\n<p>Le proposte, sottolinea ancora Fedriga, sono state elaborate in \"un'ottica positiva\" e di collaborazione anche \"alla luce dell'attuale contesto epidemiologico, caratterizzato da un aumento dell'incidenza ma da una bassa occupazione dei posti letto ospedalieri, e dalla progressione intensa della campagna vaccinale\".<\/p>\n\n\n\n<p>Puntare sul tracciamento e sulla vaccinazione, cercando di coprire il prima possibile gli over 65 ancora 'scettici', e non sui \"parametri\" ospedalieri. \u00c8 questa l'idea dell'infettivologo Massimo Galli, professore ordinario di Malattie infettive all'Universit\u00e0&nbsp;Statale di Milano e primario all'Ospedale Sacco, che in un'intervista all'Agi&nbsp;invita le persone a vaccinarsi, anche perch\u00e9&nbsp;\"la variante delta \u00e8 maggiormente trasmissibile\" ed \u00e8&nbsp;dunque ipotizzabile un incremento nei ricoveri ospedalieri. Anche se, su questo ultimo punto, il professore \u00e8&nbsp;chiaro: \"al momento i ricoveri sono bassi, per questo bisogna intervenire prima e parlare di 'zona gialla' \u00e8&nbsp;sbagliato, perch\u00e9&nbsp;non si affronta subito il problema alla radice\". Infatti, sono sempre pi\u00f9&nbsp;i giovani che ritardano i tamponi. \"Stiamo assistendo in alcune occasioni a persone che arrivano alla diagnosi in ritardo\", dice Galli. Questo, perch\u00e9&nbsp;spesso, fortunatamente, i ragazzi hanno forme asintomatiche o paucisintomatiche e quindi \u00e8&nbsp;pi\u00f9&nbsp;difficile intercettarli. La notizia, buona per la salute dei ragazzi, lo \u00e8&nbsp;meno dal punto di vista epidemiologico, perch\u00e9&nbsp;l'infezione \"gira\".<\/p>\n","protected":false},"excerpt":{"rendered":"<p>Roma, 22 Lug 2021 &#8211; Governo al lavoro per definire il nuovo decreto Covid, che dovr\u00e0 stabilire la proroga dello stato di emergenza, i criteri&#8230;<\/p>\n","protected":false},"author":2,"featured_media":206724,"comment_status":"closed","ping_status":"open","sticky":false,"template":"","format":"standard","meta":[],"categories":[49,50],"tags":[],"_links":{"self":[{"href":"https:\/\/www.cronacaonline.it\/index.php\/wp-json\/wp\/v2\/posts\/209793"}],"collection":[{"href":"https:\/\/www.cronacaonline.it\/index.php\/wp-json\/wp\/v2\/posts"}],"about":[{"href":"https:\/\/www.cronacaonline.it\/index.php\/wp-json\/wp\/v2\/types\/post"}],"author":[{"embeddable":true,"href":"https:\/\/www.cronacaonline.it\/index.php\/wp-json\/wp\/v2\/users\/2"}],"replies":[{"embeddable":true,"href":"https:\/\/www.cronacaonline.it\/index.php\/wp-json\/wp\/v2\/comments?post=209793"}],"version-history":[{"count":1,"href":"https:\/\/www.cronacaonline.it\/index.php\/wp-json\/wp\/v2\/posts\/209793\/revisions"}],"predecessor-version":[{"id":209794,"href":"https:\/\/www.cronacaonline.it\/index.php\/wp-json\/wp\/v2\/posts\/209793\/revisions\/209794"}],"wp:featuredmedia":[{"embeddable":true,"href":"https:\/\/www.cronacaonline.it\/index.php\/wp-json\/wp\/v2\/media\/206724"}],"wp:attachment":[{"href":"https:\/\/www.cronacaonline.it\/index.php\/wp-json\/wp\/v2\/media?parent=209793"}],"wp:term":[{"taxonomy":"category","embeddable":true,"href":"https:\/\/www.cronacaonline.it\/index.php\/wp-json\/wp\/v2\/categories?post=209793"},{"taxonomy":"post_tag","embeddable":true,"href":"https:\/\/www.cronacaonline.it\/index.php\/wp-json\/wp\/v2\/tags?post=209793"}],"curies":[{"name":"wp","href":"https:\/\/api.w.org\/{rel}","templated":true}]}}