{"id":209735,"date":"2021-07-21T11:50:52","date_gmt":"2021-07-21T09:50:52","guid":{"rendered":"https:\/\/www.cronacaonline.it\/?p=209735"},"modified":"2021-07-21T11:50:54","modified_gmt":"2021-07-21T09:50:54","slug":"cartabia-la-ministra-che-con-la-sua-proposta-di-legge-diventa-a-pieno-titolo-la-ministra-dellingiustizia-stamane-alla-camera-parla-delle-violenze-in-carcere-a-santa-maria-violenza-a-fred","status":"publish","type":"post","link":"https:\/\/www.cronacaonline.it\/index.php\/2021\/07\/21\/cartabia-la-ministra-che-con-la-sua-proposta-di-legge-diventa-a-pieno-titolo-la-ministra-dellingiustizia-stamane-alla-camera-parla-delle-violenze-in-carcere-a-santa-maria-violenza-a-fred\/","title":{"rendered":"Cartabia, la ministra che con la sua proposta di legge diventa a pieno titolo la Ministra dell\u2019ingiustizia. Stamane alla Camera parla delle violenze in carcere: &#8220;A Santa Maria violenza a freddo. Detenuti umiliati, dignit\u00e0 \u00e8 cardine della Costituzione&#8221;."},"content":{"rendered":"\n<p>Roma, 21 Lug 2021 - \"Stando alle indagini risulta che non fosse una reazione necessitata da una situazione di rivolta ma una violenza a freddo\". Afferma la ministra della Giustizia Marta Cartabia riferendo sulle violenze nel carcere di Santa Maria Capua Vetere in Aula alla Camera.\u00a0\"Quanto siamo arrivati nel penitenziario campano, il\u00a0presidente Draghi ha detto 'questa \u00e8 una sconfitta per tutti': \u00e8 cos\u00ec, al di\u00a0l\u00e0 delle singole responsabilit\u00e0 penali, \u00e8 qualcosa che ci interessa tutti\".<\/p>\n\n\n\n<p>\"Il totale complessivo delle unit\u00e0 di personale&nbsp;dell'Amministrazione sospese a vario titolo \u00e8 pari a 75 \"sono indagati a vario titolo.&nbsp;Le accuse sono gravi: concorso in torture pluriaggravate,&nbsp;maltrattamenti pluriaggravati, lesioni personali pluriaggravate, falso in atto&nbsp;pubblico aggravato, calunnia favoreggiamento, frode processuale, depistaggio - sottolinea Cartabia -&nbsp; Tutti i delitti sono pluriaggravati per la minorata difesa, dall'aver agito per&nbsp;motivi abietti o futili, con crudelt\u00e0, abuso di poteri, violazioni di doveri&nbsp;inerenti alla funzione pubblica, con l'uso delle armi, ed aver concorso ai&nbsp;delitti un numero superiore a cinque unit\u00e0. Rimangono altri&nbsp;indagati, per i quali il gip ha specificato che non v'\u00e8 certezza della loro&nbsp;presenza. Per questo ha respinto la richiesta di misura cautelare. Su questi&nbsp;ultimi, attendiamo gli sviluppi dell'indagine, che sono in corso, prima di altre&nbsp;valutazioni\" aggiunge il ministro della Giustizia.<\/p>\n\n\n\n<p>\"Occorre un'indagine ampia perch\u00e9 si conosca quello che \u00e8 successo in tutte le carceri nell'ultimo anno dove la pandemia ha esasperato tutti\".&nbsp;La ministra annuncia una Commissione ispettiva del Dap visiter\u00e0 tutti gli istituti penitenziari dove si sono verificati \"i gravi eventi del marzo 2020\", per valutare la correttezza degli interventi legati alle rivolte nelle carceri. E aggiunge:&nbsp;\"Fatti di questa portata richiedono da un lato una&nbsp;risposta immediata da parte dell'autorit\u00e0 giudiziaria che sta lavorando per&nbsp;accertare le responsabilit\u00e0 penali, dall'altro sono spia di qualcosa che non&nbsp;va. E dobbiamo indagare e intervenire con azione ampie e di lungo periodo&nbsp;perch\u00e9 non accadano pi\u00f9.&nbsp;I fatti avvenuti all'interno della casa circondariale&nbsp;di Santa Maria Capua Vetere sono una ferita gravissima&nbsp;alla dignit\u00e0 della persona, pietra angolare della nostra Costituzione\".<\/p>\n\n\n\n<p>\"Occorre guardare in faccia tutti i&nbsp;problemi, spesso cronici, dei nostri istituti penitenziari, affinch\u00e9&nbsp;non si ripetano atti di violenza n\u00e9 contro i detenuti, n\u00e9 contro gli&nbsp;agenti della polizia penitenziaria, tutto il personale. Il carcere \u00e8&nbsp;lo specchio della nostra societ\u00e0. Ed \u00e8 un pezzo di Repubblica, che non&nbsp;possiamo rimuovere dallo sguardo e dalle coscienze\" dice ancora Cartabia in un passaggio del suo intervento in Aula.<\/p>\n\n\n\n<p>Prevista la realizzazione di altri 8 padiglioni Per quanto riguarda l'edilizia,&nbsp;nell'ambito dei fondi complementari al Pnrr, \u00e8 stata prevista la&nbsp;realizzazione di otto nuovi padiglioni\" sottolinea Cartabia, spiegando che tra&nbsp;gli istituti sui quali dovranno insistere le nuove costruzioni,&nbsp;c'\u00e8 anche Santa Maria Capua Vetere, \"insieme a Rovigo, Vigevano&nbsp;(Pavia), Viterbo, Civitavecchia, Perugia, Ferrara e Reggio&nbsp;Calabria\".&nbsp;La ministra sottolinea che l'intervento di ampliamento nel&nbsp;caso di S. Maria Capua Vetere \"\u00e8 previsto in un'area verde non&nbsp;attrezzata e fino ad ora non utilizzata. \u00c8 un ampliamento che&nbsp;riguarda tanto i posti disponibili, le camere, quanto gli spazi&nbsp;trattamentali: questo \u00e8 un aspetto su cui abbiamo corretto&nbsp;precedenti progetti. Nuove carceri, nuovi spazi, che ci saranno,&nbsp;voglio dire anche a chi li invoca, non pu\u00f2 significare solo posti&nbsp;letto\".<\/p>\n","protected":false},"excerpt":{"rendered":"<p>Roma, 21 Lug 2021 &#8211; &#8220;Stando alle indagini risulta che non fosse una reazione necessitata da una situazione di rivolta ma una violenza a freddo&#8221;.&#8230;<\/p>\n","protected":false},"author":2,"featured_media":209737,"comment_status":"closed","ping_status":"open","sticky":false,"template":"","format":"standard","meta":[],"categories":[49,50],"tags":[],"_links":{"self":[{"href":"https:\/\/www.cronacaonline.it\/index.php\/wp-json\/wp\/v2\/posts\/209735"}],"collection":[{"href":"https:\/\/www.cronacaonline.it\/index.php\/wp-json\/wp\/v2\/posts"}],"about":[{"href":"https:\/\/www.cronacaonline.it\/index.php\/wp-json\/wp\/v2\/types\/post"}],"author":[{"embeddable":true,"href":"https:\/\/www.cronacaonline.it\/index.php\/wp-json\/wp\/v2\/users\/2"}],"replies":[{"embeddable":true,"href":"https:\/\/www.cronacaonline.it\/index.php\/wp-json\/wp\/v2\/comments?post=209735"}],"version-history":[{"count":1,"href":"https:\/\/www.cronacaonline.it\/index.php\/wp-json\/wp\/v2\/posts\/209735\/revisions"}],"predecessor-version":[{"id":209738,"href":"https:\/\/www.cronacaonline.it\/index.php\/wp-json\/wp\/v2\/posts\/209735\/revisions\/209738"}],"wp:featuredmedia":[{"embeddable":true,"href":"https:\/\/www.cronacaonline.it\/index.php\/wp-json\/wp\/v2\/media\/209737"}],"wp:attachment":[{"href":"https:\/\/www.cronacaonline.it\/index.php\/wp-json\/wp\/v2\/media?parent=209735"}],"wp:term":[{"taxonomy":"category","embeddable":true,"href":"https:\/\/www.cronacaonline.it\/index.php\/wp-json\/wp\/v2\/categories?post=209735"},{"taxonomy":"post_tag","embeddable":true,"href":"https:\/\/www.cronacaonline.it\/index.php\/wp-json\/wp\/v2\/tags?post=209735"}],"curies":[{"name":"wp","href":"https:\/\/api.w.org\/{rel}","templated":true}]}}