{"id":209663,"date":"2021-07-20T10:00:56","date_gmt":"2021-07-20T08:00:56","guid":{"rendered":"https:\/\/www.cronacaonline.it\/?p=209663"},"modified":"2021-07-20T10:00:58","modified_gmt":"2021-07-20T08:00:58","slug":"green-pass-e-vaccini-al-vaglio-nuovo-decreto-domani-cabina-di-regia-e-cdm","status":"publish","type":"post","link":"https:\/\/www.cronacaonline.it\/index.php\/2021\/07\/20\/green-pass-e-vaccini-al-vaglio-nuovo-decreto-domani-cabina-di-regia-e-cdm\/","title":{"rendered":"Green Pass e vaccini, al vaglio nuovo decreto: domani cabina di regia e Cdm."},"content":{"rendered":"\n<p>Roma, 20 Lug 2021 - 20 luglio 2021 La curva dei contagi con la variante Delta rischia di mettere l'Italia nella stessa condizioni di altri Paesi e per evitare di tornare a chiudere e bloccare la ripresa economica occorre subito prendere provvedimenti. La linea del 'Green Pass subito' si rafforza nel governo, anche se restano le contrariet\u00e0 di alcune forze della maggioranza e le perplessit\u00e0 delle Regioni di inserire criteri eccessivamente rigidi.\u00a0Non c'\u00e8, infatti, ancora l'accordo sui criteri per l'utilizzo del certificato e il nodo \u00e8 sempre lo stesso: l'uso per entrare nei ristoranti al chiuso. Il\u00a0Comitato tecnico scientifico non si \u00e8 riunito ma avrebbe dato questa indicazione nei giorni scorsi, chiedendo inoltre che si acceleri sulla\u00a0somministrazione dei vaccini nelle scuole, tanto che non \u00e8 escluso che si vada sull'obbligo per quanto riguarda il personale scolastico. Ma anche su questo \u00e8 scontro tra le forze politiche.<\/p>\n\n\n\n<p>Le scelte verranno fatte nelle prossime ore, seguendo lo schema che si ripete da mesi: prima la riunione della Conferenza delle Regioni - oggi nel pomeriggio - che formalizzer\u00e0 la proposta di modifica dei parametri dei territori, poi - nella giornata di mercoled\u00ec - la Stato-Regioni, la cabina di regia politica a palazzo Chigi e a seguire il Consiglio dei ministri che dovrebbe approvare il decreto con i nuovi parametri e i criteri per il Green Pass.<\/p>\n\n\n\n<p>Per quel che riguarda i nuovi parametri del monitoraggio con cui si stabiliscono i colori delle Regioni: si andr\u00e0 in zona gialla con un'occupazione delle terapie intensive superiore al 5% dei posti letto a disposizione e con quella dei reparti ordinari superiore al 10%. E'&nbsp;stato lo stesso ministro della Salute Roberto Speranza a definire \"ragionevole\" la richiesta delle Regioni di far pesare di pi\u00f9, nell'attribuzione dei colori, il tasso di ospedalizzazione rispetto agli altri indicatori. I 27 milioni di vaccinati con entrambe le dosi - oltre il 50% -&nbsp; e i circa 7 milioni che devono fare il richiamo sono un elemento che non pu\u00f2 non essere tenuto in considerazione. \u201c\u00c8 una riforma che ha senso - ha confermato il coordinatore del Comitato tecnico scientifico Franco Locatelli - perch\u00e9 abbiamo la variabile della copertura vaccinale\".<\/p>\n\n\n\n<p>Le Regioni chiederanno dunque al governo di superare il parametro dell'incidenza - con 50 casi ogni 100mila abitanti oggi si va in zona gialla, una situazione che potrebbe portare Sicilia e Sardegna gi\u00e0 da luned\u00ec in quella fascia - e di considerare solo le terapie intensive e i ricoveri nei reparti ordinari come unici elementi per definire i colori. Stando all'ultimo monitoraggio, se dovesse passare questo criterio, nessuna regione andrebbe in giallo: la media nazionale di occupazione dei posti letto, sia in terapia intensiva che nelle aree mediche, \u00e8 al 2%. Ad essere messe peggio, con le rianimazioni, sono la Toscana (3,4%), la Sicilia (3,1%), la Liguria (2,8%) e il Lazio (2,7%) mentre nei reparti ordinari la Calabria \u00e8 al 5,5%, la Campania al 5,1%, la Sicilia al 4,6%. Numeri al momento comunque lontani dalla soglia di rischio.<\/p>\n\n\n\n<p>I problemi potrebbero invece esserci sul secondo punto all'ordine del giorno, i criteri per l'utilizzo del Green Pass: il ministro della Salute, appoggiato da esperti e scienziati, spinge per un uso 'estensivo' del certificato, dunque anche per i ristoranti al chiuso, ma Matteo Salvini non ne vuole sapere: \"L'allargamento dell'utilizzo del Green Pass non ha senso. Chi parla di multe, divieti e chiusure danneggia il lavoro, la salute e la vita degli italiani\".<\/p>\n\n\n\n<p>Posizioni sulle quali si schiera anche il presidente della Conferenza delle Regioni Massimiliano Fedriga. \"Il Green Pass ai ristoranti, con i numeri che abbiamo, sembrerebbe una scelta fuori luogo e incomprensibile. Se poi la situazione peggiora, si possono rivedere le scelte\". Le modifiche comunque ci saranno, a partire dalla concessione del pass solo dopo la seconda dose. Molto probabile, inoltre, che l'utilizzo sia esteso oltre che per matrimoni ed eventi anche per aerei, treni, navi a lunga percorrenza, cinema, teatri, concerti, piscine e palestre.&nbsp; E sui ristoranti la mediazione potrebbe essere quella proposta dal sottosegretario alla Salute, Andrea Costa: una gradualit\u00e0 nell'utilizzo del pass a seconda della situazione. In sostanza, nelle regioni in cui ci sono criticit\u00e0 maggiori si far\u00e0 un uso pi\u00f9 ampio e restrittivo.<\/p>\n\n\n\n<p>L'adozione da parte dell'Italia del green pass europeo concesso dopo la doppia vaccinazione \"\u00e8 un tema sul tavolo del governo. Le indicazioni scientifiche e i pareri del Cts ci suggeriscono di modificare questa opzione e penso che questa settimana si andr\u00e0 in questa direzione\" ha detto ad Agor\u00e0 Estate Costa. \"Siamo di fronte a una pandemia che muta gli scenari di settimana in settimana, - ha osservato - quindi credo sia abbastanza normale che anche i provvedimenti possano mutare\".<\/p>\n\n\n\n<p>Non \u00e8 ancora stato deciso, invece, se confluir\u00e0 nel decreto anche la durata della proroga dello stato d'emergenza, data comunque per scontata vista l'incisivit\u00e0 della variante Delta. L'attuale scade il 31 luglio e, dunque, formalmente c'\u00e8 ancora tempo. Secondo Costa, per\u00f2, \"questa sar\u00e0 la settimana in cui prenderemo le decisioni\" anche su questo tema: \"Credo che l'intendimento sia di prolungare lo stato d'emergenza fino a fine ottobre - dice -. C'\u00e8 in campo anche l'ipotesi di fine gennaio ma credo si possa ragionare su un primo passo ad ottobre e poi, naturalmente, valutare\".<\/p>\n","protected":false},"excerpt":{"rendered":"<p>Roma, 20 Lug 2021 &#8211; 20 luglio 2021 La curva dei contagi con la variante Delta rischia di mettere l&#8217;Italia nella stessa condizioni di altri&#8230;<\/p>\n","protected":false},"author":2,"featured_media":209401,"comment_status":"closed","ping_status":"open","sticky":false,"template":"","format":"standard","meta":[],"categories":[49,50],"tags":[],"_links":{"self":[{"href":"https:\/\/www.cronacaonline.it\/index.php\/wp-json\/wp\/v2\/posts\/209663"}],"collection":[{"href":"https:\/\/www.cronacaonline.it\/index.php\/wp-json\/wp\/v2\/posts"}],"about":[{"href":"https:\/\/www.cronacaonline.it\/index.php\/wp-json\/wp\/v2\/types\/post"}],"author":[{"embeddable":true,"href":"https:\/\/www.cronacaonline.it\/index.php\/wp-json\/wp\/v2\/users\/2"}],"replies":[{"embeddable":true,"href":"https:\/\/www.cronacaonline.it\/index.php\/wp-json\/wp\/v2\/comments?post=209663"}],"version-history":[{"count":1,"href":"https:\/\/www.cronacaonline.it\/index.php\/wp-json\/wp\/v2\/posts\/209663\/revisions"}],"predecessor-version":[{"id":209664,"href":"https:\/\/www.cronacaonline.it\/index.php\/wp-json\/wp\/v2\/posts\/209663\/revisions\/209664"}],"wp:featuredmedia":[{"embeddable":true,"href":"https:\/\/www.cronacaonline.it\/index.php\/wp-json\/wp\/v2\/media\/209401"}],"wp:attachment":[{"href":"https:\/\/www.cronacaonline.it\/index.php\/wp-json\/wp\/v2\/media?parent=209663"}],"wp:term":[{"taxonomy":"category","embeddable":true,"href":"https:\/\/www.cronacaonline.it\/index.php\/wp-json\/wp\/v2\/categories?post=209663"},{"taxonomy":"post_tag","embeddable":true,"href":"https:\/\/www.cronacaonline.it\/index.php\/wp-json\/wp\/v2\/tags?post=209663"}],"curies":[{"name":"wp","href":"https:\/\/api.w.org\/{rel}","templated":true}]}}