{"id":209631,"date":"2021-07-19T14:16:05","date_gmt":"2021-07-19T12:16:05","guid":{"rendered":"https:\/\/www.cronacaonline.it\/?p=209631"},"modified":"2021-07-19T14:16:07","modified_gmt":"2021-07-19T12:16:07","slug":"riforma-giustizia-incontro-a-palazzo-chigi-tra-conte-e-draghi-assicurato-contributo-costruttivo-ma-scongiurare-impunita","status":"publish","type":"post","link":"https:\/\/www.cronacaonline.it\/index.php\/2021\/07\/19\/riforma-giustizia-incontro-a-palazzo-chigi-tra-conte-e-draghi-assicurato-contributo-costruttivo-ma-scongiurare-impunita\/","title":{"rendered":"Riforma giustizia, incontro a Palazzo Chigi tra Conte e Draghi: &#8220;Assicurato contributo costruttivo, ma scongiurare impunit\u00e0&#8221;."},"content":{"rendered":"\n<p>Roma, 19 Lug 2021 - Giuseppe Conte ha incontrato a Palazzo Chigi il premier Mario Draghi. Il colloquio \u00e8 durato poco meno di un'ora.\u00a0Al centro la riforma della giustizia.<\/p>\n\n\n\n<p>Sulla riforma della giustizia \"ho assicurato un contributo attento e costruttivo dal Movimento 5 Stelle\"; ha detto Conte.<\/p>\n\n\n\n<p>\"Il M5s si era gi\u00e0 distinto e aveva lavorato per l'accelerazione dei processi e anche in Parlamento dar\u00e0 un contributo per migliorare e velocizzare i processi. Ma a Draghi ho ribadito che saremo molto vigili nello scongiurare che non si creino soglie di impunit\u00e0. Si continuer\u00e0 a lavorare e M5s sar\u00e0 molto attento per miglioramenti e interventi che possano scongiurare soglie di impunit\u00e0\". Cos\u00ec l'ex premier al termine dell'incontro con il presidente del Consiglio, parlando davanti a Palazzo Chigi.&nbsp;\"Mettiamo da parte le bandierine, dobbiamo parlare agli italiani\", ha sottolineato.&nbsp;<\/p>\n\n\n\n<p>\"Sui tempi mi rimetto alla dialettica parlamentare ma mi rimetto soprattutto a delle soluzioni che non devono essere ideologicamente convincenti perch\u00e9 su questa base ci saranno forze politiche convinte e altre meno e ci potremmo dividere. Io sono per soluzioni che siano tecnicamente sostenibili\", spiega.<\/p>\n\n\n\n<p>\"Ho assicurato l'atteggiamento costruttivo da parte del M5S. Anche durante i lavori parlamentari adesso daremo il nostro contributo per migliorare e velocizzare i processi\". Lo dice Giuseppe Conte dopo l'incontro con il premier Mario Draghi. \"Il governo ha a cuore tempi rapidi ma c'\u00e8 una dialettica parlamentare. Non abbiamo parlato di fiducia ma di eventuali interventi che possano migliorare il testo\", spiega.&nbsp;<\/p>\n\n\n\n<p>\"Un incontro proficuo, molto cordiale: ci siamo confrontati su vari temi, sulla situazione politica economica in generale. Ho ribadito il pieno sostegno di&nbsp;M5s sul completamento del piano vaccinale, sulla politica sanitaria\", ha detto Conte.<\/p>\n\n\n\n<p>Sul tema Covid, ha osservato, \"c'\u00e8 una recrudescenza dei contagi, non possiamo abbassare la guardia, abbiamo accumulato tanta esperienza dopo un anno e pi\u00f9 di sofferenza. La campagna vaccinale \u00e8 l'unico vero antidoto alla diffusione della pandemia\".<\/p>\n\n\n\n<p>Candidarsi alle suppletive? \"No, per me la politica \u00e8 dappertutto, nelle piazza, nei territori. In questo momento il mio impegno prioritario \u00e8 lavorare per il rilancio del M5S\", dice il leader in pectore del M5s.<\/p>\n\n\n\n<p>Rispondendo ai cronisti sul ddl Zan davanti Palazzo Chigi dice: \"\u00c8 una legge che ha il nostro appoggio\".<\/p>\n\n\n\n<p>\"Il ministro Cingolani ha tutta la nostra fiducia, \u00e8 un ministro che sta lavorando molto e il M5s dar\u00e0 un grande contributo. Tutti parliamo di transizione ecologica ma come realizzarla, come declinare i progetti, come perseguire l'economia circolare, beh su questo bisogna rimboccarsi le maniche e passare dagli slogan ai fatti concreti\", dice Giuseppe Conte.<\/p>\n\n\n\n<p>Quello di oggi era il primo impegno per l'ex presidente del Consiglio, nella sua nuova veste di leader in pectore del M5s dopo il ritorno in campo con la presentazione del nuovo statuto.<\/p>\n\n\n\n<p>\"Quella che attualmente \u00e8 all'esame del Parlamento \u00e8 una riforma approvata dall'intero governo dopo mesi di dialoghi, di confronti a 360 gradi e di lunghe e pazienti trattative e mediazioni a cui hanno partecipato e dato il loro contributo tutti i protagonisti politici della maggioranza, nessuno escluso. E tutti lo hanno approvato nel Consiglio dei ministri, fatti salvi i necessari aggiustamenti tecnici\". Cos\u00ec il ministro della Giustizia Marta Cartabia, intervenendo a Firenze a una tavola rotonda organizzata dalla Corte d'appello e dall'Universit\u00e0 sulla \u2018riforma dell'Ufficio per il processo'.&nbsp;<\/p>\n","protected":false},"excerpt":{"rendered":"<p>Roma, 19 Lug 2021 &#8211; Giuseppe Conte ha incontrato a Palazzo Chigi il premier Mario Draghi. Il colloquio \u00e8 durato poco meno di un&#8217;ora.\u00a0Al centro&#8230;<\/p>\n","protected":false},"author":2,"featured_media":209601,"comment_status":"closed","ping_status":"open","sticky":false,"template":"","format":"standard","meta":[],"categories":[49,50],"tags":[],"_links":{"self":[{"href":"https:\/\/www.cronacaonline.it\/index.php\/wp-json\/wp\/v2\/posts\/209631"}],"collection":[{"href":"https:\/\/www.cronacaonline.it\/index.php\/wp-json\/wp\/v2\/posts"}],"about":[{"href":"https:\/\/www.cronacaonline.it\/index.php\/wp-json\/wp\/v2\/types\/post"}],"author":[{"embeddable":true,"href":"https:\/\/www.cronacaonline.it\/index.php\/wp-json\/wp\/v2\/users\/2"}],"replies":[{"embeddable":true,"href":"https:\/\/www.cronacaonline.it\/index.php\/wp-json\/wp\/v2\/comments?post=209631"}],"version-history":[{"count":1,"href":"https:\/\/www.cronacaonline.it\/index.php\/wp-json\/wp\/v2\/posts\/209631\/revisions"}],"predecessor-version":[{"id":209632,"href":"https:\/\/www.cronacaonline.it\/index.php\/wp-json\/wp\/v2\/posts\/209631\/revisions\/209632"}],"wp:featuredmedia":[{"embeddable":true,"href":"https:\/\/www.cronacaonline.it\/index.php\/wp-json\/wp\/v2\/media\/209601"}],"wp:attachment":[{"href":"https:\/\/www.cronacaonline.it\/index.php\/wp-json\/wp\/v2\/media?parent=209631"}],"wp:term":[{"taxonomy":"category","embeddable":true,"href":"https:\/\/www.cronacaonline.it\/index.php\/wp-json\/wp\/v2\/categories?post=209631"},{"taxonomy":"post_tag","embeddable":true,"href":"https:\/\/www.cronacaonline.it\/index.php\/wp-json\/wp\/v2\/tags?post=209631"}],"curies":[{"name":"wp","href":"https:\/\/api.w.org\/{rel}","templated":true}]}}