{"id":209596,"date":"2021-07-19T09:07:40","date_gmt":"2021-07-19T07:07:40","guid":{"rendered":"https:\/\/www.cronacaonline.it\/?p=209596"},"modified":"2021-07-19T09:07:42","modified_gmt":"2021-07-19T07:07:42","slug":"immunizzato-il-50-degli-italiani-al-vaglio-luso-del-green-pass","status":"publish","type":"post","link":"https:\/\/www.cronacaonline.it\/index.php\/2021\/07\/19\/immunizzato-il-50-degli-italiani-al-vaglio-luso-del-green-pass\/","title":{"rendered":"Immunizzato il 50% degli italiani. Al vaglio l&#8217;uso del Green Pass."},"content":{"rendered":"\n<p>Roma, 19 Lug 2021 - Un italiano su due sopra i 12 anni \u00e8 immunizzato, ha completato cio\u00e8 il ciclo vaccinale contro il Covid: si apre con una buona notizia la settimana in cui il governo dovr\u00e0 decidere in merito all'uso del Green Pass e varare un nuovo decreto per la lotta alla pandemia. Un compito difficile, viste le divisioni in merito nella maggioranza che sostiene Mario Draghi.<\/p>\n\n\n\n<p>\"Se torniamo a chiudere come se il vaccino non esistesse, in tanti si convinceranno che il vaccino \u00e8 inutile\". Ne \u00e8 convinto Massimiliano Fedriga, presidente del Friuli-Venezia Giulia e della Conferenza delle Regioni, che in un'intervista al \"Corriere della Sera\", in merito al Green Pass, afferma: \"Ben venga, se permetter\u00e0 di riaprire gli stadi, le discoteche e i grandi eventi\". \"Sono in arrivo i parametri definitivi per l'assegnazione dei colori alle Regioni. Il nostro documento - aggiunge - \u00e8 quasi pronto. I vaccini stanno funzionando molto bene contro la malattia grave e la media nazionale dei ricoveri \u00e8 al 2%. In Friuli-Venezia Giulia abbiamo il dato pi\u00f9 basso: nove pazienti nei reparti Covid e zero in terapia intensiva\".<\/p>\n\n\n\n<p>Pi\u00f9 che a Spagna e Grecia, dove si torna a ripristinare il coprifuoco, l'esponente della Lega guarda a quanto avviene oltremanica: \"Il nostro paragone e il nostro obiettivo si focalizzano sui Paesi che sono pi\u00f9 avanti con la campagna vaccinale, come la Gran Bretagna. Comportarsi come quando non esisteva il vaccino significa diffondere la convinzione che il vaccino non serva\".&nbsp;A chi gli chiede se abbia una strategia per convertire i No vax, Fedriga risponde che \"non esiste una formula magica, c'\u00e8 una campagna del governo e ci sono campagne mirate delle Regioni per raggiungere i soggetti a rischio.<\/p>\n\n\n\n<p>In Italia intanto il 50,21% della popolazione over 12 ha completato il ciclo vaccinale, pari a 27.120.766 di persone. Complessivamente sono 61.543.227 le dosi di vaccino somministrate, il 92.9% del totale di quelle consegnate pari finora a 66.259.046 (nel dettaglio 45.182.557 Pfizer\/BioNTech, 6.953.754 Moderna, 11.858.101 Vaxzevria-Astrazeneca e 2.264.634 Janssen). \u00c8 quanto si legge nel report del commissario straordinario per l'emergenza.<\/p>\n\n\n\n<p>Il nodo Green Pass divide Politica e comunit\u00e0 scientifica. Dal modello francese, apprezzato e contestato, si cerca la via italiana.&nbsp;\"Il green pass non solo deve diventare obbligatorio per i ristoranti al chiuso, ma anche per i mezzi di trasporto pubblico come bus e metropolitana. Dal punto di vista tecnologico, non \u00e8 impossibile applicare questa necessaria misura\". Cos\u00ec al Messaggero Walter Ricciardi, consigliere del&nbsp;ministro della Salute, Roberto Speranza. \"Non possiamo obbligare le persone a vaccinarsi, per\u00f2 chi non lo vuole fare avr\u00e0 meno opportunit\u00e0 o, quanto meno,&nbsp;dovr\u00e0 eseguire un tampone antigenico ogni volta che vorr\u00e0 frequentare luoghi affollati o usare i mezzi pubblici\", ha aggiunto. \"Come convincere gli ultra60enni? L'unica strada \u00e8 quella di un maggiore coinvolgimento dei medici di medicina generale\", dice Ricciardi.<\/p>\n\n\n\n<p>Come Fedriga anche&nbsp;Pierpaolo Sileri, sottosegretario alla Salute, opta per un uso graduale della \"carta verde\" piuttosto che tornare alle chiusure:&nbsp;\"Se in una regione i contagi superano quota 50 mila ma non aumentano i ricoveri, invece di chiudere tutto \u00e8 meglio utilizzare gradualmente il green pass per tutte le occasioni di assembramento tipo cinema, teatri eccetera. Mentre non credo al momento sia necessario intervenire su bar e ristoranti. Se poi - aggiunge - il numero dei positivi dovesse aumentare di molto si potr\u00e0 estendere il 'lasciapassare' settore per settore\".<\/p>\n\n\n\n<p>\"Il Green pass \u00e8 lo strumento che ci consentir\u00e0 di salvare noi stessi e molte altre vite. Ci ricordiamo un anno fa dove eravamo e cosa facevamo? Pensavamo che fosse tutto finito e poi improvvisamente le cose hanno preso un altro verso, negativo. Allora io credo che sia fondamentale sapere che le scelte che facciamo&nbsp;ora sono fondamentali e non che il menefreghismo ci salver\u00e0, quella \u00e8 l'idea di Salvini\", ha detto il leader del Pd, Enrico Letta alla festa dell'Unit\u00e0 di Testaccio. Il segretario della Lega:&nbsp;\"Va completata l'opera egregia del generale Figliuolo, ma non se ne parla di imporre obblighi, specie ai pi\u00f9 giovani (\"Una ca**ata pazzesca che porta a un casino totale\"). Dall'inizio della pandemia, i morti tra i 10 e i 29 anni sono stati 85, vale a dire lo 0,1%\", in un'intervista a la Repubblica, il leader della Lega Matteo Salvini, che in merito al Green Pass ha dichiarato: \"Aspettare tutti&nbsp;finiremmo a ottobre, facendo saltare la stagione e le vacanze. S\u00ec allo stadio no sui treni e per mangiare la pizza\".<\/p>\n","protected":false},"excerpt":{"rendered":"<p>Roma, 19 Lug 2021 &#8211; Un italiano su due sopra i 12 anni \u00e8 immunizzato, ha completato cio\u00e8 il ciclo vaccinale contro il Covid: si&#8230;<\/p>\n","protected":false},"author":2,"featured_media":208878,"comment_status":"closed","ping_status":"open","sticky":false,"template":"","format":"standard","meta":[],"categories":[49,50],"tags":[],"_links":{"self":[{"href":"https:\/\/www.cronacaonline.it\/index.php\/wp-json\/wp\/v2\/posts\/209596"}],"collection":[{"href":"https:\/\/www.cronacaonline.it\/index.php\/wp-json\/wp\/v2\/posts"}],"about":[{"href":"https:\/\/www.cronacaonline.it\/index.php\/wp-json\/wp\/v2\/types\/post"}],"author":[{"embeddable":true,"href":"https:\/\/www.cronacaonline.it\/index.php\/wp-json\/wp\/v2\/users\/2"}],"replies":[{"embeddable":true,"href":"https:\/\/www.cronacaonline.it\/index.php\/wp-json\/wp\/v2\/comments?post=209596"}],"version-history":[{"count":1,"href":"https:\/\/www.cronacaonline.it\/index.php\/wp-json\/wp\/v2\/posts\/209596\/revisions"}],"predecessor-version":[{"id":209597,"href":"https:\/\/www.cronacaonline.it\/index.php\/wp-json\/wp\/v2\/posts\/209596\/revisions\/209597"}],"wp:featuredmedia":[{"embeddable":true,"href":"https:\/\/www.cronacaonline.it\/index.php\/wp-json\/wp\/v2\/media\/208878"}],"wp:attachment":[{"href":"https:\/\/www.cronacaonline.it\/index.php\/wp-json\/wp\/v2\/media?parent=209596"}],"wp:term":[{"taxonomy":"category","embeddable":true,"href":"https:\/\/www.cronacaonline.it\/index.php\/wp-json\/wp\/v2\/categories?post=209596"},{"taxonomy":"post_tag","embeddable":true,"href":"https:\/\/www.cronacaonline.it\/index.php\/wp-json\/wp\/v2\/tags?post=209596"}],"curies":[{"name":"wp","href":"https:\/\/api.w.org\/{rel}","templated":true}]}}