{"id":209550,"date":"2021-07-17T08:33:28","date_gmt":"2021-07-17T06:33:28","guid":{"rendered":"https:\/\/www.cronacaonline.it\/?p=209550"},"modified":"2021-07-17T08:33:29","modified_gmt":"2021-07-17T06:33:29","slug":"brusaferro-la-curva-cresce-nella-maggior-parte-delle-regioni-casi-tra-i-giovani","status":"publish","type":"post","link":"https:\/\/www.cronacaonline.it\/index.php\/2021\/07\/17\/brusaferro-la-curva-cresce-nella-maggior-parte-delle-regioni-casi-tra-i-giovani\/","title":{"rendered":"Brusaferro: &#8220;La curva cresce nella maggior parte delle regioni, casi tra i giovani&#8221;."},"content":{"rendered":"\n<p>Roma, 17 Lug 2021 - \"Ci sono due dati importanti: il numero dei comuni con almeno un caso non decresce pi\u00f9 ma si va verso la ricrescita. Nelle settimane precedenti erano 2165 ora sono 2267 comune. In molte regioni c'\u00e8 inoltre una inversione ed una ricrescita\". Lo ha detto il presidente dell'Istituto superiore di sanit\u00e0, Silvio Brusaferro, alla conferenza stampa sull'analisi dei dati del Monitoraggio settimanale della Cabina di regia. Pi\u00f9 colpita, ha detto, \u00e8 la popolazione giovanile tra 20-29 e 10-19.<\/p>\n\n\n\n<p>L'Rt \u00e8 in crescita, dallo 0,67 allo 0,92%: ci sono regioni che vanno anche sopra l'1 nell'intervallo di confidenza pi\u00f9 alto: la proiezione sulla&nbsp;prossima settimana \u00e8 a 1,24% e anche l'Rt ospedaliero \u00e8 in crescita, ha detto Silvio&nbsp;Brusaferro Presidente dell'Istituto Superiore di Sanit\u00e0, nella conferenza stampa&nbsp;settimanale della cabina di regia. L'et\u00e0 media dei contagiati \u00e8 di 28 anni.<\/p>\n\n\n\n<p>\"Il tasso di occupazione dei posti letto negli ospedali italiani \u00e8 stabile al 2%. Le proiezioni allo stato attuale mostrano, a fine agosto, una potenziale crescita delle occupazioni dei posti letto, ma inferiori allo soglie critiche, con la possibilit\u00e0 di superare il 5-6%, cio\u00e8 comunque centinaia di persone ricoverate\", ha detto il Presidente dell'Istituto Superiore di Sanit\u00e0.<\/p>\n\n\n\n<p>\"Il quadro generale della trasmissione dell'infezione torna a peggiorare con molte regioni a rischio moderato. Fortunatamente in questa fase l'impatto della malattia sulla ospedalizzazione rimane minimo. La variante Delta \u00e8 destinata a crescere e in altri paesi sta portando grande aumento di nuovi casi: \u00e8 quindi importante tracciare i contatti e prevedere le quarantene ed \u00e8 opportuno raggiungere quanto prima la copertura vaccinale con la doppia dose. Questa \u00e8 una delle priorit\u00e0\", ha detto il presidente dell'Istituto superiore di sanit\u00e0, Silvio Brusaferro, alla conferenza stampa sull'analisi dei dati del Monitoraggio settimanale.&nbsp;<\/p>\n\n\n\n<p>\"Stiamo completando il ciclo vaccinale, ma abbiamo dei limiti da compensare nel pi\u00f9 breve tempo possibile. Soltanto il 74% delle persone tra i 70 e i 79 anni sono vaccinati, parliamo di oltre 2,5 milioni di non vaccinati sopra i&nbsp;60 anni: \u00e8 estremamente importante che queste persone si proteggano\", ha detto il Presidente dell'Istituto Superiore di Sanit\u00e0, nella conferenza&nbsp;stampa settimanale della cabina di regia.<\/p>\n\n\n\n<p>\"A livello europeo si cominciano a vedere parti del continente dove la situazione del virus\" Sars-CoV-2 \"\u00e8 particolarmente intensa. Colpisce il dato della Spagna, che in&nbsp;alcune zone ha un colore rosso scuro, e l'Olanda, ma anche aree come Cipro e l'isola di Creta dove il colore\" che evidenzia&nbsp;un'intensificazione dei contagi, \"si sta rapidamente scurendo\". Si&nbsp;vede anche \"nelle zone del Sud della Francia. Questo si traduce in una curva in rapida crescita\" in tali aree. E in questo quadro anche&nbsp;\"l'Italia comincia a muoversi\". Lo ha spiegato il presidente&nbsp;dell'Istituto superiore di sanit\u00e0 (Iss), Silvio Brusaferro, durante la conferenza stampa sull'analisi dei dati del monitoraggio regionale&nbsp;Covid della Cabina di regia.<\/p>\n\n\n\n<p>\"L'aumento della trasmissibilit\u00e0 della variante Delta \u00e8 stimata tra il +33-+110% e quindi nello scenario peggiore si ipotizza una trasmissibilit\u00e0 nel limite superiore pari a 1.3\",&nbsp;ha sottolineato Silvio Brusaferro, presidente&nbsp;dell'Istituto Superiore di Sanit\u00e0, durante la conferenza stampa sull'analisi dei dati del Monitoraggio regionale Covid-19 della Cabina di regia. \"L'evoluzione nel mese di agosto si prospetta con una crescita dell'occupazione in terapia intensiva e area medica ma comunque inferiore alle soglie critiche del 30%e 40%, ma \u00e8 possibile che si superi il 10% di occupazione con centinaia di persone ricoverate, questo \u00e8 ovviamente lo scenario peggiore\", ha aggiunto Brusaferro.<\/p>\n\n\n\n<p>\"C'\u00e8 tavolo tecnico sui parametri per i colori delle regioni. Il tema dell'impatto delle varianti sulla popolazione \u00e8 importante ed \u00e8 un fattore che stiamo studiando e valutando, anche sulla base dell'esperienza degli altri Paesi pi\u00f9 avanti di noi nei contagi. Il focus, la maggiore attenzione oggi va posta nel vaccinare con ciclo completo le fasce pi\u00f9 grandi e poi i giovani. Importante che le persone pi\u00f9 fragili siano protette\". Lo ha detto Silvio Brusaferro presidente dell'Istituto superiore di sanit\u00e0 e portavoce del Comitato tecnico scientifico nella conferenza stampa sull'analisi dei dati del Monitoraggio Regionale Covid-19 della Cabina di Regia.&nbsp;<\/p>\n\n\n\n<p>\u201c\u00c8 un dej\u00e0 vu di quello che \u00e8 successo la scorsa estate ma ora c'\u00e8 il vaccino\". Cos\u00ec il direttore generale della Prevenzione del Ministero della Salute, Gianni Rezza, durante la conferenza stampa sull'analisi dei dati del Monitoraggio Regionale Covid19 della Cabina di Regia.<\/p>\n\n\n\n<p>\"La variante Delta corre molto e registra un aumento della trasmissibilit\u00e0 del 60% rispetto alla variante Alfa. Questo virus \u00e8 pi\u00f9 trasmissibile rispetto a quello dell'estate scorsa e in questo momento sta colpendo soprattutto persone giovani\". Lo ha detto il direttore della Prevenzione del ministero della Salute, Gianni Rezza. \"Poich\u00e9 per\u00f2 sono stati vaccinati prima gli anziani, questi - ha detto - dovrebbero essere protetti dalla malattia grave e quando si vaccineranno in modo sostanzioso i giovani comincer\u00e0 a rallentare la corsa del virus\".<\/p>\n\n\n\n<p>\"Non ho alcun pregiudizio verso l'obbligo vaccinale ma \u00e8 l'ultima ratio, anche perch\u00e9 sono necessarie delle norme ed \u00e8 un percorso abbastanza lungo. Va fatto capire che il vaccino \u00e8 un diritto prima che un dovere ed \u00e8 importante che gli insegnanti si vaccinino. \u00c8 ora di fare un appello alla responsabilit\u00e0 sociale\". Lo ha detto il direttore della Prevenzione del ministero della Salute, Gianni Rezza alla conferenza stampa sull'analisi dei dati del Monitoraggio settimanale.&nbsp;<\/p>\n","protected":false},"excerpt":{"rendered":"<p>Roma, 17 Lug 2021 &#8211; &#8220;Ci sono due dati importanti: il numero dei comuni con almeno un caso non decresce pi\u00f9 ma si va verso&#8230;<\/p>\n","protected":false},"author":2,"featured_media":191303,"comment_status":"closed","ping_status":"open","sticky":false,"template":"","format":"standard","meta":[],"categories":[49,51],"tags":[],"_links":{"self":[{"href":"https:\/\/www.cronacaonline.it\/index.php\/wp-json\/wp\/v2\/posts\/209550"}],"collection":[{"href":"https:\/\/www.cronacaonline.it\/index.php\/wp-json\/wp\/v2\/posts"}],"about":[{"href":"https:\/\/www.cronacaonline.it\/index.php\/wp-json\/wp\/v2\/types\/post"}],"author":[{"embeddable":true,"href":"https:\/\/www.cronacaonline.it\/index.php\/wp-json\/wp\/v2\/users\/2"}],"replies":[{"embeddable":true,"href":"https:\/\/www.cronacaonline.it\/index.php\/wp-json\/wp\/v2\/comments?post=209550"}],"version-history":[{"count":1,"href":"https:\/\/www.cronacaonline.it\/index.php\/wp-json\/wp\/v2\/posts\/209550\/revisions"}],"predecessor-version":[{"id":209551,"href":"https:\/\/www.cronacaonline.it\/index.php\/wp-json\/wp\/v2\/posts\/209550\/revisions\/209551"}],"wp:featuredmedia":[{"embeddable":true,"href":"https:\/\/www.cronacaonline.it\/index.php\/wp-json\/wp\/v2\/media\/191303"}],"wp:attachment":[{"href":"https:\/\/www.cronacaonline.it\/index.php\/wp-json\/wp\/v2\/media?parent=209550"}],"wp:term":[{"taxonomy":"category","embeddable":true,"href":"https:\/\/www.cronacaonline.it\/index.php\/wp-json\/wp\/v2\/categories?post=209550"},{"taxonomy":"post_tag","embeddable":true,"href":"https:\/\/www.cronacaonline.it\/index.php\/wp-json\/wp\/v2\/tags?post=209550"}],"curies":[{"name":"wp","href":"https:\/\/api.w.org\/{rel}","templated":true}]}}