{"id":209547,"date":"2021-07-17T08:14:21","date_gmt":"2021-07-17T06:14:21","guid":{"rendered":"https:\/\/www.cronacaonline.it\/?p=209547"},"modified":"2021-07-17T08:14:22","modified_gmt":"2021-07-17T06:14:22","slug":"maltempo-e-strage-germania-e-belgio-in-ginocchio-ora-e-allarme-per-le-dighe","status":"publish","type":"post","link":"https:\/\/www.cronacaonline.it\/index.php\/2021\/07\/17\/maltempo-e-strage-germania-e-belgio-in-ginocchio-ora-e-allarme-per-le-dighe\/","title":{"rendered":"Maltempo, \u00e8 strage. Germania e Belgio in ginocchio. Ora \u00e8 allarme per le dighe."},"content":{"rendered":"\n<p>Cagliari, 17 Lug 2021 - \u00c8 salito a 107\u00a0morti e appare destinato ad aggravarsi il bilancio delle devastanti alluvioni che hanno colpito la Germania occidentale. L'ultima stima fornita dal ministero dell'Interno riferisce di 1.300 persone di cui non si hanno notizie. E' impossibile, per\u00f2, al momento stabilire la sorte dei dispersi in quanto le linee telefoniche sono saltate in molte delle zone interessate. Se molte persone sarebbero semplicemente isolate dal blackout, ci sono timori molto concreti per la sorte di alcune decine di residenti del cantone di Bad Neuenahr-Ahrweiler, nella Renania Palatinato, gravemente colpito. Il villaggio renano di Schuld, con una popolazione di 700 abitanti, \u00e8 stato quasi del tutto distrutto. Le ricerche dei dispersi sono ricominciate in mattinata. Gli elicotteri dell'esercito sono alla ricerca delle persone che hanno cercato riparo sui tetti.<\/p>\n\n\n\n<p>\"Temo che vedremo la piena portata di questa tragedia solo nei prossimi giorni\". Lo ha detto la cancelliera Angela Merkel da Washington. Il governo \"non vi lascer\u00e0 soli in questo momento difficile e terribile\", ha aggiunto assicurando aiuti per i soccorsi e la ricostruzione.&nbsp;Di ritorno dalla sua visita ufficiale a Washington,&nbsp;Merkel ha partecipato in videoconferenza a una riunione dell'unit\u00e0&nbsp;di crisi della Renania Palatinato. Come riferito dal portavoce del governo, Steffen Seibert, la cancelliera si \u00e8&nbsp;informata nel colloquio con la governatrice Malu Dreyer e i rappresentanti delle forze di soccorso sulla situazione attuale nelle zone pi\u00f9 colpite dalle alluvioni.&nbsp; Sempre a detta di Seibert, Merkel ha assicurato alla popolazione \"il sostegno del governo a breve termine e a lungo termine\". Una visita nell'area del disastro \u00e8 prevista \"entro breve\".<\/p>\n\n\n\n<p>Almeno 59 persone sono rimaste uccise dall'ondata di maltempo e centinaia sono ancora disperse, riporta la Bbc. Nella regione pi\u00f9 colpita, la Renania-Palatinato, sono al lavoro 15.000 tra militari e soccorritori, mentre gli elicotteri continuano a soccorrere i residenti bloccati sui tetti.<\/p>\n\n\n\n<p>Nel Nord Reno-Vestfalia la localit\u00e0 di Erftsadt-Blessem, a circa 40 chilometri da Colonia, \u00e8 stata travolta da una frana. \"Le case sono state in gran parte spazzate via e alcune sono crollate. Diverse persone mancano all'appello\", riferiscono le autorit\u00e0 locali su Twitter. Le autorit\u00e0&nbsp;non sono riuscite a fornire informazioni pi\u00f9 precise a causa delle difficolt\u00e0 di comunicazione con l'area interessata. Dalle abitazioni superstiti continuano a giungere chiamate d'emergenza, in quanto i residenti non hanno lasciato i loro appartamenti o vi sono tornati nonostante l'alluvione.<\/p>\n\n\n\n<p>Al momento l'evacuazione del centro abitato sarebbe possibile solo per via nautica e i soccorritori non sono in grado di raggiungere tutte le persone in situazioni di emergenza. Inoltre, una fuga di gas che non pu\u00f2 essere intercettata rende pi\u00f9 difficile il lavoro di soccorso. Nei pressi del confine con il Belgio, continua a suscitare preoccupazione la diga di Rurtalsperre, che rischia di cedere. I villaggi circostanti sono stati evacuati.<\/p>\n\n\n\n<p>Continuano ad aumentare le vittime del maltempo in Belgio. Il bilancio provvisorio ammonta a 20 morti e 20 dispersi. Lo ha annunciato il ministro degli Interni, Annelies Verlinden.<\/p>\n\n\n\n<p>Oltre 41mila persone prive di elettricit\u00e0 nel sud del paese. Nella citt\u00e0&nbsp;di Verviers \u00e8 stato imposto il coprifuoco per evitare saccheggi. I residenti di Liegi sono stati esortati a lasciare le case o, se impossibilitati, a trasferirsi al piano superiore. Preoccupano le condizioni di una diga nella citt\u00e0&nbsp;di Maaseik, nella provincia di Limburg, dove sei comuni sono stati evacuati. Il sindaco, Johan Tollenaere, ha avvertito su Facebook che c'\u00e8 un \"rischio concreto\" che la struttura ceda.<\/p>\n\n\n\n<p>Soccorse dal team italiano dei vigili del fuoco e portate in salvo 40 persone rimaste bloccate nelle proprie abitazioni e in una casa di cura nell'area di Tillf, a Sud di Liegi, in Belgio. \u00c8 quanto rendono noto gli stessi vigili del fuoco in un tweet in cui spiegano che loro seguono le ricognizioni nelle aree allagate di Tillf.<\/p>\n\n\n\n<p>\"Una devastazione, una catastrofe. Queste inondazioni sono tra le peggiori che il nostro paese abbia mai conosciuto: \u00c8 una situazione senza precedenti\". Lo ha detto il premier belga Alexander De Croo nel corso di una conferenza stampa per fare il punto sulle inondazioni che hanno flagellato il Belgio.&nbsp;\"La situazione resta critica - ha aggiunto - Siamo tutti toccati da quello che \u00e8 successo e marted\u00ec 20 luglio sar\u00e0 dichiarata una giornata di lutto nazionale\". De Croo ha poi sottolineato che \"la priorit\u00e0 \u00e8 il salvataggio delle persone\".<\/p>\n\n\n\n<p>Il maltempo in Olanda ha causato la rottura di una diga lungo il canale di Juliana, vicino a Meerssen, nella provincia del Limburgo. Lo riferisce l'agenzia di stampa Anp, precisando che l'acqua si sta riversando da un foro di circa un metro, che per\u00f2 potrebbe diventare pi\u00f9 grande, secondo un portavoce della sicurezza per la regione del Limburgo meridionale, che ha invitato la popolazione locale a \"lasciare la zona e cercare un posto sicuro dove rifugiarsi\".<\/p>\n\n\n\n<p>Migliaia di persone hanno dovuto abbandonare le loro abitazioni nel Sud dei Paesi Bassi, dove si teme un'esondazione della Mosa. In particolare,&nbsp;Sono circa 550 le famiglie evacuate questa mattina in Olanda nella sola cittadina olandese di Roermond, nella provincia del Limburgo.&nbsp;L'acqua ha raggiunto un livello record secondo l'agenzia responsabile delle autostrade e delle installazioni fluviali Rijkswaterstaat, scrive l'agenzia Anp.Sirene e megafoni hanno svegliato gli abitanti di Roermond intorno alle 6 del mattino, devono aver lasciato le loro case un'ora dopo. Venerd\u00ec mattina la Mosa aveva raggiunto una portata di oltre 3.300 metri cubi al secondo. Un record, secondo il Rijkswaterstaat.<\/p>\n\n\n\n<p>Nelle ultime 24 ore sono stati evacuati anche due distretti di Maastricht. Circa 350 persone sono ospitate momentaneamente nei palazzetti dello sport. Secondo il sindaco Annemarie Penn, tuttavia, potranno presto tornare a casa se il maltempo conceder\u00e0 una tregua. Ieri, il re Guglielmo Alessandro e la regina Maxima hanno visitato la citt\u00e0 di Valkenburg, nel Limburgo, investita da forti inondazioni.<\/p>\n\n\n\n<p>Il premier olandese, Mark Rutte, ha convocato una riunione d'emergenza del governo prima di recarsi nella provincia di Limburgo.&nbsp;\u00c8 stato completamente evacuato, in previsione di possibili inondazioni, l'ospedale Vie Curi, situato sulle rive della Mosa a Venlo. I circa 140 pazienti vengono trasferiti in altri ospedali in queste ore, mentre quelli del pronto soccorso saranno indirizzati ad altri ospedali. L'ospedale di Venlo rimarr\u00e0 chiuso almeno fino a luned\u00ec.<\/p>\n\n\n\n<p>\"Il Belgio ha chiesto l'attivazione del meccanismo di Protezione civile e su questa richiesta tre paesi hanno gi\u00e0 offerto sostegno, la Francia, l'Austria e l'Italia, con una equipe\" di salvataggio con \"personale e mezzi tra cui un elicottero\". Lo ha annunciato Stefan de Keersmaecker, uno&nbsp;dei&nbsp;portavoci&nbsp;della Commissione europea, precisando che si stanno studiando altri tipi di sostegno da parte di altri paesi membri. \"Siamo pronti ad aiutare tutti i paesi colpiti\", aggiunge la stessa Commissione europea su Twitter.<\/p>\n\n\n\n<p>Da ieri, oltre 150 soccorritori provenienti da Italia, Austria e Francia si trovano in Belgio per aiutate le autorit\u00e0&nbsp;del Paese. De Keersmaecker durante il briefing quotidiano con la stampa ha precisato che i tre Paesi che hanno risposto all'appello hanno messo a disposizione anche imbarcazioni ed elicotteri necessari per le operazioni di salvataggio in condizioni estreme.<\/p>\n","protected":false},"excerpt":{"rendered":"<p>Cagliari, 17 Lug 2021 &#8211; \u00c8 salito a 107\u00a0morti e appare destinato ad aggravarsi il bilancio delle devastanti alluvioni che hanno colpito la Germania occidentale.&#8230;<\/p>\n","protected":false},"author":2,"featured_media":209548,"comment_status":"closed","ping_status":"open","sticky":false,"template":"","format":"standard","meta":[],"categories":[49,50],"tags":[],"_links":{"self":[{"href":"https:\/\/www.cronacaonline.it\/index.php\/wp-json\/wp\/v2\/posts\/209547"}],"collection":[{"href":"https:\/\/www.cronacaonline.it\/index.php\/wp-json\/wp\/v2\/posts"}],"about":[{"href":"https:\/\/www.cronacaonline.it\/index.php\/wp-json\/wp\/v2\/types\/post"}],"author":[{"embeddable":true,"href":"https:\/\/www.cronacaonline.it\/index.php\/wp-json\/wp\/v2\/users\/2"}],"replies":[{"embeddable":true,"href":"https:\/\/www.cronacaonline.it\/index.php\/wp-json\/wp\/v2\/comments?post=209547"}],"version-history":[{"count":1,"href":"https:\/\/www.cronacaonline.it\/index.php\/wp-json\/wp\/v2\/posts\/209547\/revisions"}],"predecessor-version":[{"id":209549,"href":"https:\/\/www.cronacaonline.it\/index.php\/wp-json\/wp\/v2\/posts\/209547\/revisions\/209549"}],"wp:featuredmedia":[{"embeddable":true,"href":"https:\/\/www.cronacaonline.it\/index.php\/wp-json\/wp\/v2\/media\/209548"}],"wp:attachment":[{"href":"https:\/\/www.cronacaonline.it\/index.php\/wp-json\/wp\/v2\/media?parent=209547"}],"wp:term":[{"taxonomy":"category","embeddable":true,"href":"https:\/\/www.cronacaonline.it\/index.php\/wp-json\/wp\/v2\/categories?post=209547"},{"taxonomy":"post_tag","embeddable":true,"href":"https:\/\/www.cronacaonline.it\/index.php\/wp-json\/wp\/v2\/tags?post=209547"}],"curies":[{"name":"wp","href":"https:\/\/api.w.org\/{rel}","templated":true}]}}