{"id":209502,"date":"2021-07-16T09:12:41","date_gmt":"2021-07-16T07:12:41","guid":{"rendered":"https:\/\/www.cronacaonline.it\/?p=209502"},"modified":"2021-07-16T09:12:42","modified_gmt":"2021-07-16T07:12:42","slug":"devastante-alluvione-maltempo-la-germania-in-ginocchio-merkel-non-vi-lasceremo-soli","status":"publish","type":"post","link":"https:\/\/www.cronacaonline.it\/index.php\/2021\/07\/16\/devastante-alluvione-maltempo-la-germania-in-ginocchio-merkel-non-vi-lasceremo-soli\/","title":{"rendered":"Devastante alluvione Maltempo, la Germania in ginocchio. Merkel: &#8220;Non vi lasceremo soli&#8221;."},"content":{"rendered":"\n<p>Roma, 16 Lug 2021 - \"Temo che vedremo la piena portata di questa tragedia solo nei prossimi giorni\". Lo ha detto la cancelliera Angela Merkel da Washington a proposito delle devastanti alluvioni che hanno colpito la Germania. Il governo \"non vi lascer\u00e0 soli in questo momento difficile e terribile\", ha aggiunto assicurando aiuti per i soccorsi e la ricostruzione. Almeno 59 persone sono rimaste uccise dall'ondata di maltempo e centinaia sono ancora disperse, riporta la Bbc. Nella regione pi\u00f9 colpita, la Renania-Palatinato, sono al lavoro 15.000 tra militari e soccorritori, mentre gli elicotteri continuano a soccorrere i residenti bloccati sui tetti.<\/p>\n\n\n\n<p>Con 81 vittime accertate, le autorit\u00e0 riportano&nbsp;moltissimi dispersi nelle regioni colpite: in particolare vi sono 1300 persone nella regione di Ahrweiler di cui non si hanno notizie,&nbsp;possibilmente a causa della sospensione delle comunicazioni dei&nbsp; telefoni cellulari, riporta il sito di Die Welt. Sono interrotte anche le forniture di energia elettrica per almeno 165mila persone.<\/p>\n\n\n\n<p>Il bilancio delle vittime delle alluvioni in Germania \u00e8 salito ad almeno 81 dopo che le autorit\u00e0 della Renania-Palatinato, la regione pi\u00f9 colpita, hanno annunciato che sono in quell'area i morti sono aumentati a 50.<\/p>\n\n\n\n<p>\"Il numero delle vittime \u00e8 salito a 50\", contro le 28 del giorno prima, ha detto il portavoce del ministero dell'Interno della regione, Timo Haungs. Sono centinaia le persone che rimangono disperse facendo temere un bilancio ancora pi\u00f9 pesante.<\/p>\n\n\n\n<p>Centinaia di persone portate in salvo in barca&nbsp;Centinaia di persone sono state prelevate e messe in salvo dalle loro case in barca, nella zona di Kordel, uno dei centri particolarmente colpiti dall'effetto delle alluvioni che in Germania stanno provocando vittime e danni. Sul posto non ci sarebbero morti feriti e dispersi, stando alla polizia locale, interpellata dalla Bild. Kordel si trova sul fiume Kyll, un affluente della Mosella. Anche L'esercito \u00e8 intervenuto per i soccorsi con 500 soldati in sei circoscrizioni. Cento rifugiati hanno dovuto lasciare, proprio a causa delle inondazioni, un centro di accoglienza in un edificio scolastico di Erkrath vicino Duesseldorf. Stando alle previsioni del tempo, nelle prossime ore continueranno a cadere abbondanti piogge, nella regione come nei Laender del Saarland e della Renania-Palatinato.<\/p>\n","protected":false},"excerpt":{"rendered":"<p>Roma, 16 Lug 2021 &#8211; &#8220;Temo che vedremo la piena portata di questa tragedia solo nei prossimi giorni&#8221;. Lo ha detto la cancelliera Angela Merkel&#8230;<\/p>\n","protected":false},"author":2,"featured_media":209480,"comment_status":"closed","ping_status":"open","sticky":false,"template":"","format":"standard","meta":[],"categories":[49,50],"tags":[],"_links":{"self":[{"href":"https:\/\/www.cronacaonline.it\/index.php\/wp-json\/wp\/v2\/posts\/209502"}],"collection":[{"href":"https:\/\/www.cronacaonline.it\/index.php\/wp-json\/wp\/v2\/posts"}],"about":[{"href":"https:\/\/www.cronacaonline.it\/index.php\/wp-json\/wp\/v2\/types\/post"}],"author":[{"embeddable":true,"href":"https:\/\/www.cronacaonline.it\/index.php\/wp-json\/wp\/v2\/users\/2"}],"replies":[{"embeddable":true,"href":"https:\/\/www.cronacaonline.it\/index.php\/wp-json\/wp\/v2\/comments?post=209502"}],"version-history":[{"count":1,"href":"https:\/\/www.cronacaonline.it\/index.php\/wp-json\/wp\/v2\/posts\/209502\/revisions"}],"predecessor-version":[{"id":209503,"href":"https:\/\/www.cronacaonline.it\/index.php\/wp-json\/wp\/v2\/posts\/209502\/revisions\/209503"}],"wp:featuredmedia":[{"embeddable":true,"href":"https:\/\/www.cronacaonline.it\/index.php\/wp-json\/wp\/v2\/media\/209480"}],"wp:attachment":[{"href":"https:\/\/www.cronacaonline.it\/index.php\/wp-json\/wp\/v2\/media?parent=209502"}],"wp:term":[{"taxonomy":"category","embeddable":true,"href":"https:\/\/www.cronacaonline.it\/index.php\/wp-json\/wp\/v2\/categories?post=209502"},{"taxonomy":"post_tag","embeddable":true,"href":"https:\/\/www.cronacaonline.it\/index.php\/wp-json\/wp\/v2\/tags?post=209502"}],"curies":[{"name":"wp","href":"https:\/\/api.w.org\/{rel}","templated":true}]}}