{"id":209484,"date":"2021-07-15T14:51:53","date_gmt":"2021-07-15T12:51:53","guid":{"rendered":"https:\/\/www.cronacaonline.it\/?p=209484"},"modified":"2021-07-15T14:51:54","modified_gmt":"2021-07-15T12:51:54","slug":"ue-infrazione-a-ungheria-e-polonia-per-discriminazioni-lgbtq","status":"publish","type":"post","link":"https:\/\/www.cronacaonline.it\/index.php\/2021\/07\/15\/ue-infrazione-a-ungheria-e-polonia-per-discriminazioni-lgbtq\/","title":{"rendered":"Ue, infrazione a Ungheria e Polonia per discriminazioni Lgbtq."},"content":{"rendered":"\n<p>Bruxelles, 15 Lug 2021 - La Commissione Ue ha avviato procedure di infrazione contro l'Ungheria e la Polonia sull'uguaglianza e la tutela dei diritti fondamentali, in particolare per le comunit\u00e0 Lgbtq. I due Stati membri dispongono ora di due mesi per rispondere alle argomentazioni avanzate dalla Commissione. In caso contrario, la Commissione pu\u00f2 decidere di inviare loro un parere motivato e in una fase successiva deferirli alla Corte di giustizia dell'Unione europea.\u00a0<\/p>\n\n\n\n<p>\"L'uguaglianza e il rispetto della dignit\u00e0 e dei diritti umani sono valori fondamentali dell'Ue, sanciti dall'articolo 2 del trattato dell'Unione europea. La Commissione utilizzer\u00e0 tutti gli strumenti a sua disposizione per difendere questi valori\", scrive l'esecutivo europeo nell'annuncio dell'avvio della procedura d'infrazione.<\/p>\n\n\n\n<p>\"La Commissione europea sta avviando oggi una serie di azioni legali per proteggere i diritti fondamentali delle persone Lgbtq in Ungheria e Polonia. Dobbiamo continuare ad agire per garantire che tutti i cittadini siano trattati allo stesso modo in tutta l'Ue\", scrive in un tweet il commissario europeo alla Giustizia, Didier Reynders, commentando l'avvio della procedura d'infrazione.<\/p>\n\n\n\n<p>Sull'Ungheria, i casi includono la legge di recente adozione che vieta l'accesso a contenuti che promuovono o ritraggono la cosiddetta \"divergenza dall'identit\u00e0 personale corrispondente al sesso alla nascita, al cambiamento di sesso o all'omosessualit\u00e0\" per i minori di 18 anni. Tra le motivazioni dell'apertura della procedura di infrazione, si legge che \"l'Ungheria ha pubblicato una legge che prevede una serie di misure restrittive e discriminatorie; in particolare, vieta o limita l'accesso a contenuti che diffondano o ritraggano la cosiddetta 'divergenza dall'identit\u00e0 personale corrispondente al sesso alla nascita, al cambio di sesso o all'omosessualit\u00e0' per le persone di et\u00e0 inferiore ai 18 anni. La tutela del minore \u00e8 un interesse pubblico legittimo che l'Ue condivide e persegue. Tuttavia, in questo caso l'Ungheria&nbsp;non ha spiegato perch\u00e9 l'esposizione dei bambini a contenuti Lgbtiq in quanto tale sarebbe dannosa&nbsp;per il loro benessere o&nbsp;non \u00e8 in linea con l'interesse superiore del bambino\".<\/p>\n\n\n\n<p>In relazione alla Polonia, la Commissione ritiene che le autorit\u00e0 polacche non abbiano risposto in modo completo alla sua indagine sulla natura e l'impatto delle cosiddette risoluzioni sulle \"zone franche Lgbt\" (\"zone libere dall'ideologia Lgbt\"),&nbsp;adottate da diverse regioni e comuni polacchi.<\/p>\n","protected":false},"excerpt":{"rendered":"<p>Bruxelles, 15 Lug 2021 &#8211; La Commissione Ue ha avviato procedure di infrazione contro l&#8217;Ungheria e la Polonia sull&#8217;uguaglianza e la tutela dei diritti fondamentali,&#8230;<\/p>\n","protected":false},"author":2,"featured_media":209485,"comment_status":"closed","ping_status":"open","sticky":false,"template":"","format":"standard","meta":[],"categories":[49,51],"tags":[],"_links":{"self":[{"href":"https:\/\/www.cronacaonline.it\/index.php\/wp-json\/wp\/v2\/posts\/209484"}],"collection":[{"href":"https:\/\/www.cronacaonline.it\/index.php\/wp-json\/wp\/v2\/posts"}],"about":[{"href":"https:\/\/www.cronacaonline.it\/index.php\/wp-json\/wp\/v2\/types\/post"}],"author":[{"embeddable":true,"href":"https:\/\/www.cronacaonline.it\/index.php\/wp-json\/wp\/v2\/users\/2"}],"replies":[{"embeddable":true,"href":"https:\/\/www.cronacaonline.it\/index.php\/wp-json\/wp\/v2\/comments?post=209484"}],"version-history":[{"count":1,"href":"https:\/\/www.cronacaonline.it\/index.php\/wp-json\/wp\/v2\/posts\/209484\/revisions"}],"predecessor-version":[{"id":209486,"href":"https:\/\/www.cronacaonline.it\/index.php\/wp-json\/wp\/v2\/posts\/209484\/revisions\/209486"}],"wp:featuredmedia":[{"embeddable":true,"href":"https:\/\/www.cronacaonline.it\/index.php\/wp-json\/wp\/v2\/media\/209485"}],"wp:attachment":[{"href":"https:\/\/www.cronacaonline.it\/index.php\/wp-json\/wp\/v2\/media?parent=209484"}],"wp:term":[{"taxonomy":"category","embeddable":true,"href":"https:\/\/www.cronacaonline.it\/index.php\/wp-json\/wp\/v2\/categories?post=209484"},{"taxonomy":"post_tag","embeddable":true,"href":"https:\/\/www.cronacaonline.it\/index.php\/wp-json\/wp\/v2\/tags?post=209484"}],"curies":[{"name":"wp","href":"https:\/\/api.w.org\/{rel}","templated":true}]}}