{"id":209437,"date":"2021-07-14T15:54:47","date_gmt":"2021-07-14T13:54:47","guid":{"rendered":"https:\/\/www.cronacaonline.it\/?p=209437"},"modified":"2021-07-14T15:54:48","modified_gmt":"2021-07-14T13:54:48","slug":"lue-presenta-il-maxi-piano-sul-clima-von-der-leyen-superare-leconomia-dei-combustibili-fossili","status":"publish","type":"post","link":"https:\/\/www.cronacaonline.it\/index.php\/2021\/07\/14\/lue-presenta-il-maxi-piano-sul-clima-von-der-leyen-superare-leconomia-dei-combustibili-fossili\/","title":{"rendered":"L&#8217;Ue presenta il maxi-piano sul clima. Von der Leyen, superare l&#8217;economia dei combustibili fossili."},"content":{"rendered":"\n<p>Bruxelles, 14 Lug 2021 - \"L'economia dei combustibili fossili ha raggiunto i suoi limiti, servono nuovi modelli. Abbiamo mantenuto la promessa. L'Europa \u00e8 il primo continente che presenta un'architettura globale per realizzare le nostre ambizioni climatiche con una tabella di marcia. Attribuire un prezzo al carbonio sar\u00e0\" il punto centrale che \"guider\u00e0 l'economia\" e sar\u00e0 legato a un fondo sociale.<\/p>\n\n\n\n<p>Cos\u00ec la presidente della Commissione Ue, Ursula von der Leyen, presentando il maxi piano \"Fit For 55\", che indica gli strumenti per la rivoluzione verde, ovvero ridurre del 55% le emissioni di Co2 entro il 2030, con l'obiettivo finale di azzerarle nel 2050.<\/p>\n\n\n\n<p>La rivoluzione verde \"\u00e8 il nostro compito generazionale, che ci deve unire e incoraggiare. Non si tratta solo di assicurare il benessere della nostra generazione, ma anche quella dei nostri figli e nipoti. Non c'\u00e8 un compito pi\u00f9 grande e pi\u00f9 nobile di questo e l'Europa \u00e8 pronta a guidare\", ha detto la presidente von der Leyen.<\/p>\n\n\n\n<p>In materia di ambiente \"tutti i settori devono fare la loro parte, compreso quello automobilistico\" e \"molte aziende hanno gi\u00e0 annunciato che investiranno in veicoli a zero emissioni\" perch\u00e9 \"le auto elettriche sono aumentate molto nell'Unione europea, quindi la domanda c'\u00e8\". \"La Commissione promuover\u00e0 questo cambiamento\", ha detto la presidente della Commissione europea.<\/p>\n\n\n\n<p>\"Per molte persone \u00e8 gi\u00e0 difficile pagare i costi energetici\" e per questo nascer\u00e0 \"il Fondo climatico sociale che non dar\u00e0 sostegno a chi ha poco reddito, ma sosterr\u00e0 investimenti e innovazione\" per rendere i sistemi di riscaldamento sostenibili \"pi\u00f9 accessibili\" alla popolazione. Lo ha detto la presidente della Commissione durante la conferenza stampa.<\/p>\n\n\n\n<p>\"Quello che presentiamo oggi \u00e8 un approccio olistico, non tutti gli Stati membri o parti del Parlamento europeo troveranno di loro gusto alcune componenti, ma si tratta di raggiungere l'obiettivo di un pacchetto equilibrato. La legge prevede la riduzione delle emissioni entro il 2030, ne discuteremo e troveremo soluzioni. Resto aperto a qualsiasi tipo di discussione\". Cos\u00ec il vicepresidente della Commissione europea, Frans Timmermans, a chi chiede delle resistenze nell'Ue.<\/p>\n","protected":false},"excerpt":{"rendered":"<p>Bruxelles, 14 Lug 2021 &#8211; &#8220;L&#8217;economia dei combustibili fossili ha raggiunto i suoi limiti, servono nuovi modelli. Abbiamo mantenuto la promessa. L&#8217;Europa \u00e8 il primo&#8230;<\/p>\n","protected":false},"author":2,"featured_media":187050,"comment_status":"closed","ping_status":"open","sticky":false,"template":"","format":"standard","meta":[],"categories":[49,50],"tags":[],"_links":{"self":[{"href":"https:\/\/www.cronacaonline.it\/index.php\/wp-json\/wp\/v2\/posts\/209437"}],"collection":[{"href":"https:\/\/www.cronacaonline.it\/index.php\/wp-json\/wp\/v2\/posts"}],"about":[{"href":"https:\/\/www.cronacaonline.it\/index.php\/wp-json\/wp\/v2\/types\/post"}],"author":[{"embeddable":true,"href":"https:\/\/www.cronacaonline.it\/index.php\/wp-json\/wp\/v2\/users\/2"}],"replies":[{"embeddable":true,"href":"https:\/\/www.cronacaonline.it\/index.php\/wp-json\/wp\/v2\/comments?post=209437"}],"version-history":[{"count":1,"href":"https:\/\/www.cronacaonline.it\/index.php\/wp-json\/wp\/v2\/posts\/209437\/revisions"}],"predecessor-version":[{"id":209438,"href":"https:\/\/www.cronacaonline.it\/index.php\/wp-json\/wp\/v2\/posts\/209437\/revisions\/209438"}],"wp:featuredmedia":[{"embeddable":true,"href":"https:\/\/www.cronacaonline.it\/index.php\/wp-json\/wp\/v2\/media\/187050"}],"wp:attachment":[{"href":"https:\/\/www.cronacaonline.it\/index.php\/wp-json\/wp\/v2\/media?parent=209437"}],"wp:term":[{"taxonomy":"category","embeddable":true,"href":"https:\/\/www.cronacaonline.it\/index.php\/wp-json\/wp\/v2\/categories?post=209437"},{"taxonomy":"post_tag","embeddable":true,"href":"https:\/\/www.cronacaonline.it\/index.php\/wp-json\/wp\/v2\/tags?post=209437"}],"curies":[{"name":"wp","href":"https:\/\/api.w.org\/{rel}","templated":true}]}}