{"id":209400,"date":"2021-07-14T10:05:44","date_gmt":"2021-07-14T08:05:44","guid":{"rendered":"https:\/\/www.cronacaonline.it\/?p=209400"},"modified":"2021-07-14T10:05:46","modified_gmt":"2021-07-14T08:05:46","slug":"green-pass-sileri-seguire-subito-lesempio-della-francia","status":"publish","type":"post","link":"https:\/\/www.cronacaonline.it\/index.php\/2021\/07\/14\/green-pass-sileri-seguire-subito-lesempio-della-francia\/","title":{"rendered":"Green pass, Sileri: &#8220;Seguire subito l&#8217;esempio della Francia&#8221;."},"content":{"rendered":"\n<p>Roma, 14 Lug 2021 - Fare subito come ha fatto la Francia \"\u00e8 sicuramente una scelta giusta. Dovremmo farlo anche in Italia, non chieda a me perch\u00e9 ancora non siamo partiti, io a Speranza l'ho detto tante vole\". Lo ha detto il sottosegretario alla Salute Pierpaolo Sileri al Messaggero, riferendosi alla decisione di Emmanuel Macron sull'obbligatoriet\u00e0 del Green pass per andare su treni e aerei, al ristorante, ad eventi con molte persone. Per Sileri bisogna applicare \"sul serio\" il Green pass, niente quarantena per chi ha ricevuto due dosi, rivedere i parametri nel giro di una o due settimane. \"Pensiamo alle discoteche - \u00e8 stata la sua riflessione - se concedessimo ai locali di aprire per i clienti con il Green pass, avremmo la corsa di chi ha tra i 18 e i 40 anni a vaccinarsi\". Perch\u00e9 \"il Green pass oggi \u00e8 un mezzo per non tornare indietro quando i contagi saranno pi\u00f9 elevati\".<\/p>\n\n\n\n<p>Su questa linea anche alcune Regioni, categorie e forze politiche. In tanti in queste ore infatti stanno dando seguito al parere del Commissario per l'Emergenza, Francesco Figliuolo, per il quale il sistema del Green pass potrebbe dare una spinta agli indecisi del vaccino, anche se andrebbe comunque fornita l'alternativa del tampone per rispettare gli equilibri costituzionali. Vicini a questa linea sono diversi parlamentari del Pd e alcuni governatori, mentre la leader dell'opposizione, Giorgia Meloni, parla di \"follia anticostituzionale\" e di \"idea raggelante\".<\/p>\n\n\n\n<p>\u00c8 la stessa posizione di Salvini, che commenta: \"Non scherziamo\". Anche le categorie sono divise: Fipe-Confcommercio paventa pesanti penalizzazioni per i ristoratori ma per Federalberghi sarebbe un provvedimento \"sacrosanto\".<\/p>\n\n\n\n<p>Gli argomenti si intrecciano con una valutazione complessiva che il governo far\u00e0 su altre misure in scadenza, come lo stato di emergenza che terminerebbe a fine luglio ma potrebbe subire una proroga. Nonostante il dibattito e varie ipotesi, non si attendono decisioni nelle prossime ore, ma verranno fatte valutazioni a giorni - non si pu\u00f2 escludere un incontro con il Cts a breve&nbsp;- ed \u00e8 difficile che una decisione possa essere presa prima del prossimo monitoraggio di venerd\u00ec, alla luce dei dati su vaccini e contagi. Che potrebbe riservare sorprese. \"Gi\u00e0 fra 4 o 5 giorni, se osserveremo dei picchi nelle citt\u00e0 dove ci sono stati comportamenti a rischio, vedremo se coni festeggiamenti per la vittoria agli Europei abbiamo rischiato troppo\", spiega Sergio Abrignani, membro del Cts, mentre in Sardegna la variante Delta fa segnare una preoccupante diffusione&nbsp;soprattutto tra i giovani.<\/p>\n\n\n\n<p>Sul tema del pass restano di sicuro una serie di nodi da sciogliere, come quello della costituzionalit\u00e0, appunto, oltre ai problemi di privacy che ne scaturirebbero e che poi andrebbero presi in esame dal Garante. Ma con il dibattito gi\u00e0 in corso sull'eventuale aggiornamento dei parametri per l'assegnazione dei colori alle regioni, che con la crescita di contagio rischiano di finire in giallo, a spingere sul provvedimento \u00e8 la necessit\u00e0 di raggiungere al pi\u00f9 presto l'immunit\u00e0 di gregge e convincere gli indecisi del vaccino. Un'altra questione aperta \u00e8 quella dell'allineamento all'Europa sul certificato, che nel nostro Paese si riceve due settimane dopo la prima vaccinazione ma in Ue \u00e8 valido solo dopo la seconda dose. In Italia attualmente il Green pass \u00e8 obbligatorio per accedere ad eventi sportivi e culturali, oltre a banchetti e cerimonie ma - se ci si dovesse allineare alle misure previste in Francia - potrebbe essere necessario anche per entrare in luoghi che accolgono pi\u00f9 di 50 persone, per accedere a bar, ristoranti, centri commerciali e mezzi di trasporto sulle lunghe distanze.<\/p>\n\n\n\n<p>Tra i primi ad essere favorevoli a queste ultime ipotesi c'\u00e8 il governatore della Liguria, Giovanni Toti, e l'assessore alla Salute del Lazio, Alessio D'Amato, per il quale \"sarebbe utile che il Governo decidesse in che maniera vada utilizzato il certificato verde, possibilmente con la vaccinazione completa, prima di adottare misure restrittive\": entrambi chiedono un'inversione sui parametri, facendo pesare l'Rt ospedaliero a scapito dell'incidenza, visto il calo della pressione sulle strutture sanitarie. Il presidente campano, Vincenzo De Luca, invece precisa: \"Il Green pass l'abbiamo fatto quattro mesi fa. La nostra carta di vaccinazione la rilasciamo dopo la seconda dose\".<\/p>\n\n\n\n<p>Pi\u00f9 tiepido il governatore lombardo, Attilio Fontana, convinto che questo tipo di provvedimento \"oltre a non essere possibile in Italia per privacy, in Lombardia non \u00e8 necessario\". Le posizioni sono diverse anche tra i parlamentari. Se alcuni esponenti del Pd chiedono di \"estendere il Green pass a tutti i luoghi di socialit\u00e0\", per i deputati M5s in Commissione Affari sociali l'ipotesi \u00e8 \"prematura e pone interrogativi per coloro che devono forzatamente ricorrere al tampone\". Il leader di Italia Viva, Matteo Renzi, si dice invece \"per l'obbligo vaccinale al personale sanitario e scolastico\".<\/p>\n\n\n\n<p>\"Per quanto riguarda&nbsp;l'obbligatoriet\u00e0 del green pass, un conto \u00e8 se parliamo di discoteche&nbsp;o stadi ma per i ristoranti e i bar \u00e8 eccessivo anche perch\u00e9 s\u2019introdurrebbe un elemento economico: pensiamo alla famiglia che va a&nbsp;mangiare una pizza e li costringiamo a pagarsi il tampone. Io credo&nbsp;che su questo sarei cauto\". Lo ha spiegato il sottosegretario alla&nbsp;Salute Andrea Costa.&nbsp;<\/p>\n\n\n\n<p>Quali sarebbero quindi gli usi del green pass? \"Lo abbiamo gi\u00e0&nbsp;introdotto per i matrimoni, eventi all'aperto, allo stadio, dove ci sono grandi numeri, ma pensare di renderlo obbligatorio per la&nbsp;ristorazione \u00e8 prematuro - avverte il sottosegretario -&nbsp;poi se un&nbsp;ristoratore liberamente fa entrare solo i clienti vaccinati con il&nbsp;green pass \u00e8 un altro discorso. Veicoliamo il messaggio che \u00e8&nbsp;importante vaccinarsi e noi siamo pi\u00f9 avanti rispetto alla Francia.&nbsp; Abbiamo vaccinato - conclude - il 43% della popolazione e loro al&nbsp;36%\".<\/p>\n","protected":false},"excerpt":{"rendered":"<p>Roma, 14 Lug 2021 &#8211; Fare subito come ha fatto la Francia &#8220;\u00e8 sicuramente una scelta giusta. Dovremmo farlo anche in Italia, non chieda a&#8230;<\/p>\n","protected":false},"author":2,"featured_media":209401,"comment_status":"closed","ping_status":"open","sticky":false,"template":"","format":"standard","meta":[],"categories":[49,50],"tags":[],"_links":{"self":[{"href":"https:\/\/www.cronacaonline.it\/index.php\/wp-json\/wp\/v2\/posts\/209400"}],"collection":[{"href":"https:\/\/www.cronacaonline.it\/index.php\/wp-json\/wp\/v2\/posts"}],"about":[{"href":"https:\/\/www.cronacaonline.it\/index.php\/wp-json\/wp\/v2\/types\/post"}],"author":[{"embeddable":true,"href":"https:\/\/www.cronacaonline.it\/index.php\/wp-json\/wp\/v2\/users\/2"}],"replies":[{"embeddable":true,"href":"https:\/\/www.cronacaonline.it\/index.php\/wp-json\/wp\/v2\/comments?post=209400"}],"version-history":[{"count":1,"href":"https:\/\/www.cronacaonline.it\/index.php\/wp-json\/wp\/v2\/posts\/209400\/revisions"}],"predecessor-version":[{"id":209402,"href":"https:\/\/www.cronacaonline.it\/index.php\/wp-json\/wp\/v2\/posts\/209400\/revisions\/209402"}],"wp:featuredmedia":[{"embeddable":true,"href":"https:\/\/www.cronacaonline.it\/index.php\/wp-json\/wp\/v2\/media\/209401"}],"wp:attachment":[{"href":"https:\/\/www.cronacaonline.it\/index.php\/wp-json\/wp\/v2\/media?parent=209400"}],"wp:term":[{"taxonomy":"category","embeddable":true,"href":"https:\/\/www.cronacaonline.it\/index.php\/wp-json\/wp\/v2\/categories?post=209400"},{"taxonomy":"post_tag","embeddable":true,"href":"https:\/\/www.cronacaonline.it\/index.php\/wp-json\/wp\/v2\/tags?post=209400"}],"curies":[{"name":"wp","href":"https:\/\/api.w.org\/{rel}","templated":true}]}}