{"id":209363,"date":"2021-07-13T14:09:02","date_gmt":"2021-07-13T12:09:02","guid":{"rendered":"https:\/\/www.cronacaonline.it\/?p=209363"},"modified":"2021-07-13T14:09:04","modified_gmt":"2021-07-13T12:09:04","slug":"ecofin-approvato-il-pnrr-dellitalia-e-altri-11-paesi","status":"publish","type":"post","link":"https:\/\/www.cronacaonline.it\/index.php\/2021\/07\/13\/ecofin-approvato-il-pnrr-dellitalia-e-altri-11-paesi\/","title":{"rendered":"Ecofin, approvato il Pnrr dell&#8217;Italia e altri 11 paesi."},"content":{"rendered":"\n<p>Bruxelles, 13 Lug 2021 - \u00a0Il Consiglio Ue dell'Economia e delle finanze ha dato il via libera al piano di ripresa e resilienza dell'Italia e alti 11 paesi. Dopo il via libera definitivo di oggi, la Commissione erogher\u00e0 i primi fondi gi\u00e0 entro luglio.\u00a0<\/p>\n\n\n\n<p>Austria, Belgio, Danimarca, Francia, Germania, Grecia, Italia, Lettonia, Lussemburgo, Portogallo, Slovacchia e Spagna hanno ottenuto il via libera per l'utilizzo dei fondi dell'UE per la ripresa e la resilienza allo scopo di rilanciare le loro economie e riprendersi dalle conseguenze della Covid-19.&nbsp;<\/p>\n\n\n\n<p>\"Grazie all'adozione di decisioni di esecuzione del Consiglio sull'approvazione dei piani, gli Stati membri possono concludere convenzioni di sovvenzione e accordi di prestito che consentiranno un prefinanziamento fino al 13% dell'importo totale\", si legge in una nota.<\/p>\n\n\n\n<p>Nel dettaglio l'Ecofin ha adottato le 12 decisioni di esecuzione sull'approvazione dei piani nazionali per la ripresa e la resilienza. In pratica \u00e8 il via libera per l'utilizzo dei fondi Ue allo scopo di rilanciare le loro economie e riprendersi dalle conseguenze della Covid-19.<\/p>\n\n\n\n<p>A questo punto gli Stati membri possono concludere convenzioni di sovvenzione e accordi di prestito che consentiranno un prefinanziamento fino al 13% dell'importo totale. Il Consiglio indica che 'le decisioni adottate su quasi la met\u00e0 dei piani nazionali rappresentano un importante passo avanti nella ripresa economica europea, poich\u00e9 consentono agli Stati membri di concludere le prime convenzioni di finanziamento e sbloccare i versamenti dei prefinanziamenti'. La Commissione ha recentemente confermato che i primi esborsi saranno effettuati entro questo mese.<\/p>\n\n\n\n<p>\"I ministri dell'Ecofin hanno dato il via libera ai primi 12 piani nazionali di ripresa e resilienza. I finanziamenti dell'Ue possono presto iniziare a fluire per finanziare riforme e investimenti. Ora concentrarsi sul metterli in pratica in modo rapido e corretto\". Lo scrive in un tweet il vice presidente della Commissione europea, Valdis Dombrovskis.<\/p>\n\n\n\n<p>\"Il momento \u00e8 ancora incerto e i prossimi mesi sono ancora difficili ma il 2021 potrebbe diventare l'anno in cui l'uscita dalla pandemia sar\u00e0 cosa fatta\", aveva affermato in precedenza il vice presidente della Commissione Ue, alla riunione dell'Ecofin a Bruxelles.<\/p>\n\n\n\n<p>\"La piena attuazione del piano di ripresa e resilienza \u00e8 la priorit\u00e0 dei prossimi anni\", ha aggiunto il commissario, che si \u00e8 detto \"pienamente d'accordo con gli obiettivi della presidenza slovena\" e ha espresso la necessit\u00e0 di \"fare progressi sulla finanza digitale, accelerare la transizione nell'economia reale, incoraggiando gli investimenti sostenibili\".<\/p>\n\n\n\n<p>\"L'attuazione delle riforme di Basilea 3 render\u00e0 pi\u00f9 forte e resiliente l'Ue, dobbiamo completare l'unione bancaria e a dicembre tutti dovremo fare degli sforzi. L'unione dei mercati dei capitali \u00e8 molto importante per la ripresa e per finanziare la transizione verde e digitale\", ha aggiunto Dombrovskis che ha apprezzato i \"nuovi standard sui green bond a livello di Ue\".<\/p>\n\n\n\n<p>\u201c\u00c8 il vero inizio di tutto il Next Generation Eu\", aveva dichiarato il commissario europeo all'Economia, Paolo Gentiloni, al suo arrivo alla riunione dell'Ecofin a Bruxelles.<\/p>\n\n\n\n<p>\"Nelle prossime settimane arriver\u00e0 il pre-finanziamento a questi dodici Paesi e credo che sia molto importante il fatto che questa approvazione formale e finale di questi piani arrivi esattamente nel momento in cui la ripresa \u00e8 in corso\", ha spiegato l'ex premier. \"Questo aumenter\u00e0 la fiducia nei mercati, nei Paesi e permetter\u00e0 l'avvio di investimenti e riforme\", ha aggiunto.<\/p>\n\n\n\n<p>\"Ovviamente siamo tutti impegnati per fare in modo che ci\u00f2 funzioni e la decisione formale \u00e8 la parte essenziale ma ci\u00f2 che succeder\u00e0 nelle prossime settimane, nei prossimi mesi e anni sar\u00e0 ovviamente la parte decisiva di questo programma straordinario e senza precedenti\".<\/p>\n\n\n\n<p>\"Sar\u00e0 l'occasione unica per consentirci di avere l'anticipo di 25 miliardi. Un elemento estremamente positivo per tornare a crescere e a guardare con ottimismo al futuro\". Lo scrive in una nota Renato Brunetta, ministro per la Pubblica amministrazione.<\/p>\n","protected":false},"excerpt":{"rendered":"<p>Bruxelles, 13 Lug 2021 &#8211; \u00a0Il Consiglio Ue dell&#8217;Economia e delle finanze ha dato il via libera al piano di ripresa e resilienza dell&#8217;Italia e&#8230;<\/p>\n","protected":false},"author":2,"featured_media":209364,"comment_status":"closed","ping_status":"open","sticky":false,"template":"","format":"standard","meta":[],"categories":[49,51],"tags":[],"_links":{"self":[{"href":"https:\/\/www.cronacaonline.it\/index.php\/wp-json\/wp\/v2\/posts\/209363"}],"collection":[{"href":"https:\/\/www.cronacaonline.it\/index.php\/wp-json\/wp\/v2\/posts"}],"about":[{"href":"https:\/\/www.cronacaonline.it\/index.php\/wp-json\/wp\/v2\/types\/post"}],"author":[{"embeddable":true,"href":"https:\/\/www.cronacaonline.it\/index.php\/wp-json\/wp\/v2\/users\/2"}],"replies":[{"embeddable":true,"href":"https:\/\/www.cronacaonline.it\/index.php\/wp-json\/wp\/v2\/comments?post=209363"}],"version-history":[{"count":1,"href":"https:\/\/www.cronacaonline.it\/index.php\/wp-json\/wp\/v2\/posts\/209363\/revisions"}],"predecessor-version":[{"id":209365,"href":"https:\/\/www.cronacaonline.it\/index.php\/wp-json\/wp\/v2\/posts\/209363\/revisions\/209365"}],"wp:featuredmedia":[{"embeddable":true,"href":"https:\/\/www.cronacaonline.it\/index.php\/wp-json\/wp\/v2\/media\/209364"}],"wp:attachment":[{"href":"https:\/\/www.cronacaonline.it\/index.php\/wp-json\/wp\/v2\/media?parent=209363"}],"wp:term":[{"taxonomy":"category","embeddable":true,"href":"https:\/\/www.cronacaonline.it\/index.php\/wp-json\/wp\/v2\/categories?post=209363"},{"taxonomy":"post_tag","embeddable":true,"href":"https:\/\/www.cronacaonline.it\/index.php\/wp-json\/wp\/v2\/tags?post=209363"}],"curies":[{"name":"wp","href":"https:\/\/api.w.org\/{rel}","templated":true}]}}