{"id":209310,"date":"2021-07-12T11:06:25","date_gmt":"2021-07-12T09:06:25","guid":{"rendered":"https:\/\/www.cronacaonline.it\/?p=209310"},"modified":"2021-07-12T11:06:26","modified_gmt":"2021-07-12T09:06:26","slug":"covid-sileri-entro-10-giorni-variante-delta-prevalente","status":"publish","type":"post","link":"https:\/\/www.cronacaonline.it\/index.php\/2021\/07\/12\/covid-sileri-entro-10-giorni-variante-delta-prevalente\/","title":{"rendered":"Covid, Sileri: &#8220;Entro 10 giorni variante Delta prevalente&#8221;."},"content":{"rendered":"\n<p>Roma, 12 Lug 2021 - \"Bellissimo vedere la gente nelle piazze ma inevitabilmente vedremo salire i contagi\". Cos\u00ec il sottosegretario alla Salute, Pierpaolo Sileri, a Radio24. \"La variante Delta - sottolinea - si diffonder\u00e0 e diventer\u00e0 dominante prima del previsto\".<\/p>\n\n\n\n<p>\"Credo che la variante Delta diventer\u00e0 prevalente e accadr\u00e0, purtroppo, molto molto prima di quanto previsto. Temo per fine mese 3-4 volte i contagi che si sono oggi\", ha detto il sottosegretario alla Salute a Radio24.<\/p>\n\n\n\n<p>Il fatto che l'Italia sia arrivata in fondo agli Europei ha accelerato con gli assembramenti in piazza, senza mascherina, la diffusione della Variante Delta nel nostro Paese: lo dice il sottosegretario alla Salute Pierpaolo Sileri in un'intervista su 'La Stampa'. \"Entro dieci giorni questa mutazione del virus diventer\u00e0 prevalente, superando quella inglese\" spiega.<\/p>\n\n\n\n<p>\"Non c'\u00e8 bisogno di ripristinare l'obbligo di mascherina all'aperto, ma vanno rafforzati i controlli in caso di assembramenti\", aggiunge. Serve \"una costante opera di vigilanza, vanno potenziati i controlli nei luoghi della movida, perch\u00e9 dove non si mantengono le distanze si deve indossare la mascherina\", altrimenti \"devono scattare le sanzioni\".&nbsp;Per ora secondo Sileri non serve rivedere le regole: \"Sappiamo che l'evoluzione sar\u00e0 simile a quella che abbiamo visto in Gran Bretagna: entro fine mese i contagi saranno 3 o 4 volte quelli attuali e durante l'estate continueranno a crescere. Ma, dall'altra parte, aumenteranno progressivamente i cittadini vaccinati con doppia dose, a settembre saremo intorno al 70-75% di immunizzati\".<\/p>\n\n\n\n<p>Non si pu\u00f2 escludere \"che ci sia qualche passo indietro, con cambi di colore di alcune Regioni e istituzione di zone rosse a livello locale. Dovremo, per\u00f2, fare riferimento al numero di ricoveri, pi\u00f9 che a quello dei contagi\". Oltre a spingere sulle vaccinazioni, \"bisogna intercettare quanti pi\u00f9 positivi possibile, soprattutto quelli asintomatici. In questo senso, resto favorevole alla riapertura delle discoteche, a patto che sia gestita con regole ferree, compreso l'obbligo di tampone per poter entrare\".<\/p>\n\n\n\n<p>Se la percentuale di vaccinati tra i 12 e i 19 anni, si mantenesse bassa, \"non potr\u00e0 essere garantita una ripresa al 100% delle lezioni in presenza, almeno nelle prime settimane. Poi andr\u00e0 potenziata la campagna diagnostica nelle scuole, con tutti i mezzi disponibili\".<\/p>\n\n\n\n<p>Tra i docenti, 215 mila non sono vaccinati, ma Sileri \u00e8 contrario all'obbligo \"perch\u00e9 si tratta del 15% del totale e distribuito solo in alcune Regioni, pi\u00f9 di 60 mila solo in Sicilia\". Bisogna \"far capire al personale scolastico che deve vaccinarsi innanzitutto per tutelarsi, perch\u00e9 lavoreranno in un contesto a rischio\". Rispetto ai problemi per il vaccino italiano, Reithera, \"credo sia una follia abbandonare l'azienda che ha oltre 100 ricercatori e offre un potenziale unico\".<\/p>\n\n\n\n<p>\"Al momento il numero dei contagi \u00e8 esiguo e non c'\u00e8 la necessit\u00e0 di un ritorno di alcune Regioni in zona gialla\". Cos\u00ec il sottosegretario alla Salute, Pierpaolo Sileri, a Radio2 4. \"E' chiaro per\u00f2 - aggiunge - che se dovessimo avere un'esplosione di casi, ricoveri e pressioni degli ospedali, andr\u00e0 fatto un passo indietro\". \"Ad oggi - precisa Sileri - questo rischio non c'\u00e8\".<\/p>\n\n\n\n<p>\"La variante Delta \u00e8 ad un passo dal diventare resistente ai vaccini quindi meno si trasmette e meglio \u00e8. Penso che bisognerebbe combinare la campagna vaccinale e allo stesso tempo rafforzare la nostra capacit\u00e0 di tracciamento\". Lo ha detto Andrea Crisanti, direttore del dipartimento di Microbiologia dell'Universit\u00e0 di Padova, ospite di 'Agor\u00e0' su Rai Tre.<\/p>\n","protected":false},"excerpt":{"rendered":"<p>Roma, 12 Lug 2021 &#8211; &#8220;Bellissimo vedere la gente nelle piazze ma inevitabilmente vedremo salire i contagi&#8221;. Cos\u00ec il sottosegretario alla Salute, Pierpaolo Sileri, a&#8230;<\/p>\n","protected":false},"author":2,"featured_media":209311,"comment_status":"closed","ping_status":"open","sticky":false,"template":"","format":"standard","meta":[],"categories":[49,51],"tags":[],"_links":{"self":[{"href":"https:\/\/www.cronacaonline.it\/index.php\/wp-json\/wp\/v2\/posts\/209310"}],"collection":[{"href":"https:\/\/www.cronacaonline.it\/index.php\/wp-json\/wp\/v2\/posts"}],"about":[{"href":"https:\/\/www.cronacaonline.it\/index.php\/wp-json\/wp\/v2\/types\/post"}],"author":[{"embeddable":true,"href":"https:\/\/www.cronacaonline.it\/index.php\/wp-json\/wp\/v2\/users\/2"}],"replies":[{"embeddable":true,"href":"https:\/\/www.cronacaonline.it\/index.php\/wp-json\/wp\/v2\/comments?post=209310"}],"version-history":[{"count":1,"href":"https:\/\/www.cronacaonline.it\/index.php\/wp-json\/wp\/v2\/posts\/209310\/revisions"}],"predecessor-version":[{"id":209312,"href":"https:\/\/www.cronacaonline.it\/index.php\/wp-json\/wp\/v2\/posts\/209310\/revisions\/209312"}],"wp:featuredmedia":[{"embeddable":true,"href":"https:\/\/www.cronacaonline.it\/index.php\/wp-json\/wp\/v2\/media\/209311"}],"wp:attachment":[{"href":"https:\/\/www.cronacaonline.it\/index.php\/wp-json\/wp\/v2\/media?parent=209310"}],"wp:term":[{"taxonomy":"category","embeddable":true,"href":"https:\/\/www.cronacaonline.it\/index.php\/wp-json\/wp\/v2\/categories?post=209310"},{"taxonomy":"post_tag","embeddable":true,"href":"https:\/\/www.cronacaonline.it\/index.php\/wp-json\/wp\/v2\/tags?post=209310"}],"curies":[{"name":"wp","href":"https:\/\/api.w.org\/{rel}","templated":true}]}}