{"id":209292,"date":"2021-07-12T08:59:41","date_gmt":"2021-07-12T06:59:41","guid":{"rendered":"https:\/\/www.cronacaonline.it\/?p=209292"},"modified":"2021-07-12T08:59:43","modified_gmt":"2021-07-12T06:59:43","slug":"omicidio-presidente-haiti-e-moglie-arrestato-il-presunto-mandante","status":"publish","type":"post","link":"https:\/\/www.cronacaonline.it\/index.php\/2021\/07\/12\/omicidio-presidente-haiti-e-moglie-arrestato-il-presunto-mandante\/","title":{"rendered":"Omicidio presidente Haiti e moglie, arrestato il presunto mandante."},"content":{"rendered":"\n<p>Cagliari, 12 Lug 2021 \u2013 Ad Haiti preso il mandante dell\u2019assassinio del presidente.<\/p>\n\n\n\n<p>La polizia del luogo ha annunciato di aver arrestato un haitiano \"che aveva obiettivi politici\" nel reclutare gli uomini armati che hanno assassinato il presidente Jovenel Moise la scorsa settimana. \"Questo \u00e8 un individuo che \u00e8 entrato ad Haiti su un aereo privato con obiettivi politici\", ha detto Leon Charles, capo della polizia nazionale haitiana.<\/p>\n\n\n\n<p>Christian Emmanuel Sanon, 63 anni, che \u00e8 di nazionalit\u00e0 haitiana, \u00e8 arrivato sull'isola in giugno accompagnato da diversi colombiani, secondo i dettagli forniti in una conferenza stampa cui erano presenti anche diversi ministri haitiani. \"La missione \u00e8 poi cambiata\", ha detto Charles, spiegando che l'intento era originariamente quello di arrestare Moise, e l'operazione \u00e8 stata montata dall'interno del paese. \"Altri ventidue individui sono entrati ad Haiti\", ha detto Charles.<\/p>\n\n\n\n<p>Diciotto cittadini colombiani sono stati arrestati da mercoled\u00ec Interrogandoli, la polizia haitiana ha appreso che Sanon aveva reclutato 26 membri della squadra attraverso una societ\u00e0 di sicurezza venezuelana con sede in Florida chiamata Ctu.<\/p>\n\n\n\n<p>\"Quando noi, la polizia, abbiamo bloccato questi banditi dopo che avevano commesso il loro crimine, la prima persona che uno degli assalitori ha chiamato \u00e8 stato Christian Emmanuel Sanon. \"Ha contattato altre due persone che consideriamo essere le menti dell'assassinio del presidente Jovenel Moise\", ha detto Charles, senza rivelare l'identit\u00e0 degli altri due sospetti. Membri del Federal Bureau of Investigation (FBI), del Dipartimento di Stato, del Dipartimento di Giustizia, del Consiglio di Sicurezza Nazionale e del Dipartimento della Sicurezza Nazionale sono arrivati domenica ad Haiti e hanno incontrato il direttore generale della polizia.<\/p>\n","protected":false},"excerpt":{"rendered":"<p>Cagliari, 12 Lug 2021 \u2013 Ad Haiti preso il mandante dell\u2019assassinio del presidente. La polizia del luogo ha annunciato di aver arrestato un haitiano &#8220;che&#8230;<\/p>\n","protected":false},"author":2,"featured_media":209142,"comment_status":"closed","ping_status":"open","sticky":false,"template":"","format":"standard","meta":[],"categories":[49,51],"tags":[],"_links":{"self":[{"href":"https:\/\/www.cronacaonline.it\/index.php\/wp-json\/wp\/v2\/posts\/209292"}],"collection":[{"href":"https:\/\/www.cronacaonline.it\/index.php\/wp-json\/wp\/v2\/posts"}],"about":[{"href":"https:\/\/www.cronacaonline.it\/index.php\/wp-json\/wp\/v2\/types\/post"}],"author":[{"embeddable":true,"href":"https:\/\/www.cronacaonline.it\/index.php\/wp-json\/wp\/v2\/users\/2"}],"replies":[{"embeddable":true,"href":"https:\/\/www.cronacaonline.it\/index.php\/wp-json\/wp\/v2\/comments?post=209292"}],"version-history":[{"count":1,"href":"https:\/\/www.cronacaonline.it\/index.php\/wp-json\/wp\/v2\/posts\/209292\/revisions"}],"predecessor-version":[{"id":209293,"href":"https:\/\/www.cronacaonline.it\/index.php\/wp-json\/wp\/v2\/posts\/209292\/revisions\/209293"}],"wp:featuredmedia":[{"embeddable":true,"href":"https:\/\/www.cronacaonline.it\/index.php\/wp-json\/wp\/v2\/media\/209142"}],"wp:attachment":[{"href":"https:\/\/www.cronacaonline.it\/index.php\/wp-json\/wp\/v2\/media?parent=209292"}],"wp:term":[{"taxonomy":"category","embeddable":true,"href":"https:\/\/www.cronacaonline.it\/index.php\/wp-json\/wp\/v2\/categories?post=209292"},{"taxonomy":"post_tag","embeddable":true,"href":"https:\/\/www.cronacaonline.it\/index.php\/wp-json\/wp\/v2\/tags?post=209292"}],"curies":[{"name":"wp","href":"https:\/\/api.w.org\/{rel}","templated":true}]}}