{"id":209220,"date":"2021-07-09T17:31:08","date_gmt":"2021-07-09T15:31:08","guid":{"rendered":"https:\/\/www.cronacaonline.it\/?p=209220"},"modified":"2021-07-09T17:31:09","modified_gmt":"2021-07-09T15:31:09","slug":"coronavirus-in-italia-1-390-nuovi-casi-con-196-922-tamponi-e-25-morti","status":"publish","type":"post","link":"https:\/\/www.cronacaonline.it\/index.php\/2021\/07\/09\/coronavirus-in-italia-1-390-nuovi-casi-con-196-922-tamponi-e-25-morti\/","title":{"rendered":"Coronavirus, in Italia 1.390 nuovi casi con 196.922 tamponi e 25 morti."},"content":{"rendered":"\n<p>Roma, 9 Giu 2021 - Secondo l'ultimo aggiornamento dei dati del ministero della Salute, nelle ultime 24 ore si sono registrati\u00a01.390 nuovi casi con 196.922 tamponi e 25 morti.\u00a0Il tasso di positivit\u00e0 \u00e8 dello 0,7%, in lieve calo rispetto allo\u00a00,8% di ieri. Ieri si sono registrati 1.394 casi\u00a0con 174.852 test e\u00a013 morti.<\/p>\n\n\n\n<p>Nelle ultime 24 ore In Campania si registrano 226 nuovi casi e tre decessi, nel Lazio si registrano 135 casi e 3 decessi, in Veneto 106 contagi e un decesso, in Emilia Romagna 99 nuovi casi, in Toscana 79 nuovi casi e un decesso, in Sardegna 51 casi, in Calabria 48 nuovi casi e un decesso, in Puglia 44 casi e due decessi, in Piemonte 40 casi e un decesso, in Abruzzo 32 positivi, nelle Marche 19 nuovi casi, in Friuli Venezia Giulia 17 nuovi contagi, in Trentino 3 casi positivi, 3 positivi in Valle d'Aosta.<\/p>\n\n\n\n<p>\"La curva epidemica in Italia resta sempre piatta, per quello che riguarda l'aumento dell'incidenza dei casi Covid ma in certe Regioni si nota una lieve ricrescita. Una elevata circolazione, a livello europeo, si registra invece nell'area che comprende Portogallo e Spagna\". Cos\u00ec il presidente dell'Istituto Superiore di Sanit\u00e0 Silvio Brusaferro, commentando i dati del monitoraggio regionale Covid-19 della Cabina di Regia.&nbsp;Per Brusaferro, al di l\u00e0 dei livelli bassi che attualmente ci sono in Italia, \"i casi in aumento riguardano ben undici Regioni negli ultimi 7 giorni\".&nbsp;L'et\u00e0 mediana dei nuovi casi di Covid in Italia \u00e8 31 anni, ricoverati 52, 63 anni per la terapia intensiva e 78 l'et\u00e0 mediana della mortalit\u00e0: lo ha riferito il presidente dell'Iss Silvio Brusaferro nel corso della conferenza stampa per la presentazione del monitoraggio settimanale Iss-Ministero della Salute.<\/p>\n\n\n\n<p>Il vaccino contro il Covid-19, se si sono completate le due dosi previste, \u00e8 efficace circa all'80% nel proteggere dall'infezione e fino al 100% nel proteggere dagli effetti pi\u00f9 gravi della malattia, per tutte le fasce di et\u00e0. Lo dimostrano i dati elaborati dall'Istituto Superiore di Sanit\u00e0 provenienti dall'Anagrafe nazionale vaccini e dalla sorveglianza integrata dei casi di infezione da virus Sars-CoV-2 relativi al periodo tra il 21 giugno e il 4 luglio.<\/p>\n\n\n\n<p>\"La situazione in Italia \u00e8 ancora apparentemente buona, abbiamo un'incidenza di infezione \u00e8 ancora bassa. Ma c'\u00e8 una piccolo segnale di inversione di tendenza\". Direttore Generale della Prevenzione del Ministero della Salute, Gianni Rezza, durante la conferenza stampa sull'analisi dei dati del Monitoraggio Regionale della Cabina di Regia.<\/p>\n","protected":false},"excerpt":{"rendered":"<p>Roma, 9 Giu 2021 &#8211; Secondo l&#8217;ultimo aggiornamento dei dati del ministero della Salute, nelle ultime 24 ore si sono registrati\u00a01.390 nuovi casi con 196.922&#8230;<\/p>\n","protected":false},"author":2,"featured_media":205986,"comment_status":"closed","ping_status":"open","sticky":false,"template":"","format":"standard","meta":[],"categories":[49,50],"tags":[],"_links":{"self":[{"href":"https:\/\/www.cronacaonline.it\/index.php\/wp-json\/wp\/v2\/posts\/209220"}],"collection":[{"href":"https:\/\/www.cronacaonline.it\/index.php\/wp-json\/wp\/v2\/posts"}],"about":[{"href":"https:\/\/www.cronacaonline.it\/index.php\/wp-json\/wp\/v2\/types\/post"}],"author":[{"embeddable":true,"href":"https:\/\/www.cronacaonline.it\/index.php\/wp-json\/wp\/v2\/users\/2"}],"replies":[{"embeddable":true,"href":"https:\/\/www.cronacaonline.it\/index.php\/wp-json\/wp\/v2\/comments?post=209220"}],"version-history":[{"count":1,"href":"https:\/\/www.cronacaonline.it\/index.php\/wp-json\/wp\/v2\/posts\/209220\/revisions"}],"predecessor-version":[{"id":209221,"href":"https:\/\/www.cronacaonline.it\/index.php\/wp-json\/wp\/v2\/posts\/209220\/revisions\/209221"}],"wp:featuredmedia":[{"embeddable":true,"href":"https:\/\/www.cronacaonline.it\/index.php\/wp-json\/wp\/v2\/media\/205986"}],"wp:attachment":[{"href":"https:\/\/www.cronacaonline.it\/index.php\/wp-json\/wp\/v2\/media?parent=209220"}],"wp:term":[{"taxonomy":"category","embeddable":true,"href":"https:\/\/www.cronacaonline.it\/index.php\/wp-json\/wp\/v2\/categories?post=209220"},{"taxonomy":"post_tag","embeddable":true,"href":"https:\/\/www.cronacaonline.it\/index.php\/wp-json\/wp\/v2\/tags?post=209220"}],"curies":[{"name":"wp","href":"https:\/\/api.w.org\/{rel}","templated":true}]}}