{"id":209208,"date":"2021-07-09T15:07:37","date_gmt":"2021-07-09T13:07:37","guid":{"rendered":"https:\/\/www.cronacaonline.it\/?p=209208"},"modified":"2021-07-09T15:07:38","modified_gmt":"2021-07-09T13:07:38","slug":"riforma-giustizia-conte-prescrizione-anomalia-io-non-canterei-vittoria","status":"publish","type":"post","link":"https:\/\/www.cronacaonline.it\/index.php\/2021\/07\/09\/riforma-giustizia-conte-prescrizione-anomalia-io-non-canterei-vittoria\/","title":{"rendered":"Riforma Giustizia, Conte: &#8220;Prescrizione? Anomalia, io non canterei vittoria&#8221;."},"content":{"rendered":"\n<p>Roma, 9 Lug 2021 - \"Apprezzo il lavoro della ministra Cartabia, si \u00e8 molto impegnata, ma io non canterei vittoria, non sono sorridente sull'aspetto della prescrizione, siamo ritornati a una anomalia italiana\". Cos\u00ec l'ex premier, Giuseppe Conte,\u00a0intervistato al convegno dei\u00a0Giovani Imprenditori di Confindustria. \"Mi spiace, me ne sono occupato personalmente nella mia attuale veste, non sono ancora il leader di nulla. Delle mediazioni erano state offerte, ci sono mille espedienti per assicurare una durata ragionevole dei processi accertando la verit\u00e0. I principi costituzionali sono fondamentali, il M5S vecchio e nuovo dovr\u00e0 rispettarli\" ha aggiunto.<\/p>\n\n\n\n<p>\"Si cerca sempre la contrapposizione 'Conte contro Draghi'. Ma qui non \u00e8 Conte contro Draghi\", qui \"si tratta di confrontarsi su principi e trovare delle soluzioni\" dice l'ex premier. \"Penso che nessuno debba permettersi di dichiarare che si vuole fare un attacco al governo Draghi se semplicemente si vuole fare politica e invocare una legittima dialettica democratica che avverr\u00e0 in Parlamento\".<\/p>\n\n\n\n<p>Ex premier? Prossimo leader di un partito? \"Un semplice cittadino\", risponde Giuseppe Conte, al convegno dei Giovani di Confindustria. Leadership del M5S? \"Ci stiamo lavorando\", sul \"quadro dei principi che consentir\u00e0 alla comunit\u00e0 dei 5stelle di riprendere la sua forza propulsiva\", serve \"un quadro di principi molto chiaro\", spiega l'ex premier: \u00e8 la \"premessa per tutto quello che verr\u00e0 fatto dopo, una premessa indispensabile, definire bene i contorni, i ruoli\". E rimarca. Se \"saranno pienamente condivise io ci sono, altrimenti no\".<\/p>\n\n\n\n<p>\"L'orizzonte che mi interessa di pi\u00f9&nbsp;\u00e8&nbsp;il progetto politico. Se ci sar\u00f2&nbsp;con il M5s, il progetto politico sar\u00e0&nbsp;chiaro, avr\u00e0&nbsp;una forte identit\u00e0&nbsp;e con dei principi forti. Nessuno dovr\u00e0&nbsp;permettersi di dire che il M5s sar\u00e0&nbsp;il partito dei No, dei veti ideologici. Sar\u00e0&nbsp;la forza pi\u00f9&nbsp;innovatrice ed ecologica\" ha sottolineato l'ex premier. Non ha senso oggi parlare di alleanze del M5s, \"prima i contenuti\", dice, indicando che \"Pd e Leu rimangono interlocutori privilegiati<\/p>\n","protected":false},"excerpt":{"rendered":"<p>Roma, 9 Lug 2021 &#8211; &#8220;Apprezzo il lavoro della ministra Cartabia, si \u00e8 molto impegnata, ma io non canterei vittoria, non sono sorridente sull&#8217;aspetto della&#8230;<\/p>\n","protected":false},"author":2,"featured_media":199012,"comment_status":"closed","ping_status":"open","sticky":false,"template":"","format":"standard","meta":[],"categories":[49,51],"tags":[],"_links":{"self":[{"href":"https:\/\/www.cronacaonline.it\/index.php\/wp-json\/wp\/v2\/posts\/209208"}],"collection":[{"href":"https:\/\/www.cronacaonline.it\/index.php\/wp-json\/wp\/v2\/posts"}],"about":[{"href":"https:\/\/www.cronacaonline.it\/index.php\/wp-json\/wp\/v2\/types\/post"}],"author":[{"embeddable":true,"href":"https:\/\/www.cronacaonline.it\/index.php\/wp-json\/wp\/v2\/users\/2"}],"replies":[{"embeddable":true,"href":"https:\/\/www.cronacaonline.it\/index.php\/wp-json\/wp\/v2\/comments?post=209208"}],"version-history":[{"count":1,"href":"https:\/\/www.cronacaonline.it\/index.php\/wp-json\/wp\/v2\/posts\/209208\/revisions"}],"predecessor-version":[{"id":209209,"href":"https:\/\/www.cronacaonline.it\/index.php\/wp-json\/wp\/v2\/posts\/209208\/revisions\/209209"}],"wp:featuredmedia":[{"embeddable":true,"href":"https:\/\/www.cronacaonline.it\/index.php\/wp-json\/wp\/v2\/media\/199012"}],"wp:attachment":[{"href":"https:\/\/www.cronacaonline.it\/index.php\/wp-json\/wp\/v2\/media?parent=209208"}],"wp:term":[{"taxonomy":"category","embeddable":true,"href":"https:\/\/www.cronacaonline.it\/index.php\/wp-json\/wp\/v2\/categories?post=209208"},{"taxonomy":"post_tag","embeddable":true,"href":"https:\/\/www.cronacaonline.it\/index.php\/wp-json\/wp\/v2\/tags?post=209208"}],"curies":[{"name":"wp","href":"https:\/\/api.w.org\/{rel}","templated":true}]}}