{"id":209066,"date":"2021-07-06T19:15:52","date_gmt":"2021-07-06T17:15:52","guid":{"rendered":"https:\/\/www.cronacaonline.it\/?p=209066"},"modified":"2021-07-06T19:15:54","modified_gmt":"2021-07-06T17:15:54","slug":"ddl-zan-e-scontro-in-senato-il-testo-va-in-aula-il-13-luglio","status":"publish","type":"post","link":"https:\/\/www.cronacaonline.it\/index.php\/2021\/07\/06\/ddl-zan-e-scontro-in-senato-il-testo-va-in-aula-il-13-luglio\/","title":{"rendered":"Ddl Zan: \u00e8 scontro in Senato, il testo va in Aula il 13 luglio."},"content":{"rendered":"\n<p>Roma,6 Giu 2021 - L'Aula del Senato ha confermato la\u00a0calendarizzazione della legge sull'omofobia il 13 luglio alle\u00a016,30. L'Aula ha infatti respinto i calendari alternativi\u00a0proposti da Fi e Lga che prevedevano l'approdo in Aula della\u00a0legge il 20. Respinta anche la proposta di modifica presentata da FdI che chiedeva\u00a0vi fosse anteposto il voto della\u00a0relazione della commissione Ecomafie sulla Toscana.<\/p>\n\n\n\n<p>\"Calendarizzato il Ddl Zan. Quindi vuol dire che i voti&nbsp;ci sono. Allora, in trasparenza e assumendosi ognuno le sue responsabilit\u00e0,&nbsp;andiamo avanti e approviamolo\". Lo scrive su twitter il segretario del Pd,&nbsp;Enrico Letta, commentando il via libera dell'Aula del Senato alla&nbsp;calendarizzazione per l'Assemblea del ddl Zan il 13 luglio.<\/p>\n\n\n\n<p>\"Da quanto emerge dagli interventi, a parte Fratelli&nbsp;d'Italia tutti&nbsp;gli altri gruppi si sono mostrati favorevoli a un dialogo e a una mediazione e&nbsp;la&nbsp;differenza di tempo per le proposte di calendarizzazione \u00e8 di una settimana. Che&nbsp;non si dica che quest'aula rinuncia al dialogo per una questione di una&nbsp;settimana\".&nbsp;Cos\u00ec la presidente del Senato Elisabetta Casellati, prima del voto dell'aula&nbsp;sulle&nbsp;proposte alternative alla calendarizzazione del ddl Zan il 13 luglio.<\/p>\n\n\n\n<p>\"Abbiamo chiesto 24 ore di tempo per fare approfondimenti e&nbsp;valutazioni, e per evitare che si vada in Aula e ci si scontri sul calendario&nbsp;perch\u00e9 non sarebbe un bel messaggio da parte di una maggioranza di governo\". Lo&nbsp;dice Massimiliano Romeo, capogruppo della Lega al Senato, lasciando Palazzo&nbsp;Giustiniani dove si \u00e8 tenuto il tavolo di maggioranza sul testo del&nbsp;provvedimento. \"Il riferimento all'identit\u00e0 di genere, conferma Romeo,&nbsp;non \u00e8 presente nel testo proposto dal presidente della commissione Giustizia\".&nbsp;\"Il tema vero \u00e8 la volont\u00e0 di contrastare qualsiasi tipo di discriminazione&nbsp;legato all'orientamento sessuale. Bisogna togliere l'aspetto legato alla&nbsp;fluidit\u00e0 sessuale, che \u00e8 quello maggiormente divisivo di questa legge e che a&nbsp;nostro giudizio va escluso\", ha aggiunto.<\/p>\n\n\n\n<p>\"Ddl Zan? Noi abbiamo accolto l'appello del&nbsp;Santo Padre, e spero lo facciano anche Pd e M5S, ad approvare&nbsp;subito una legge che punisca severamente le discriminazioni,&nbsp;togliendo i due o tre articoli che sono critici, come quello sui&nbsp;reati di opinioni\" ha sottolineato a sua volta il leader della Lega, Matteo&nbsp;Salvini, ospite di \"Radio anch'io\". \"Pd e M5S si prendano loro la&nbsp;responsabilit\u00e0 di affossare il tema\", ha aggiunto.<\/p>\n\n\n\n<p>\"Noi stiamo insistendo per avere una data certa e la&nbsp;data certa per noi resta il 13\". Lo dice Simona Malpezzi,&nbsp;capogruppo Pd in Senato,&nbsp;dopo la riunione M5S-Pd-Iv-Leu-Autonomie sul ddl Zan&nbsp;che si \u00e8 svolta a palazzo Madama.&nbsp; Autonomie: \"Con Iv pronti a ok calendario, ma sbagliate forzature\" \"Siamo divisi. Noi Autonomie e Iv siamo per prendere&nbsp;atto della mediazione di Ostellari. Pd, M5S e Leu sono per andare in aula con il&nbsp;ddl Zan cos\u00ec com'\u00e8. Noi e Iv voteremo comunque il calendario per andare in&nbsp;aula il 13 ma abbiamo detto di non andare avanti a forzature. Quello di&nbsp;Ostellari \u00e8 un grande passo nella nostra direzione. Noi preferiremmo non fare&nbsp;forzature ma fare anche noi un piccolo passo. Cosa ci costano 24 ore in pi\u00f9\".&nbsp;Lo dice Julia Unterberger, capogruppo delle Autonomie in Senato,&nbsp;dopo la riunione M5S-Pd-Iv-Leu-Autonomie sul ddl Zan che si \u00e8 svolta a palazzo&nbsp;Madama.&nbsp;<\/p>\n\n\n\n<p>Voi e Iv vi fidate della Lega? \"Non \u00e8 una questione di fiducia.&nbsp; Ma se il&nbsp;presidente, leghista, fa questa proposta vuol dire che la Lega la voterebbe:&nbsp;accettano il ddl Zan, il concetto di genere \u00e8 gi\u00e0 un passo avanti. Non c'\u00e8&nbsp;l'identit\u00e0 di genere, \u00e8 vero ma \u00e8 assurdo imputarsi su una parola. Io sono di&nbsp;sinistra io voterei la legge Zan cos\u00ec com'\u00e8 ma prendo atto delle difficolt\u00e0.&nbsp;Vorrei trovare una quadra per tutelare le posizioni. Altrimenti continuiamo a&nbsp;fare questa guerra mettendo in pericolo le persone che vogliamo tutelare\",&nbsp;aggiunge.<\/p>\n\n\n\n<p>\"Da mesi, inutilmente, provo a discutere del&nbsp;merito del disegno di Legge Zan: \u00e8 necessario e urgente approvare&nbsp;misure specifiche per arginare e sconfiggere omofobia e transfobia e&nbsp;tutte le forme di discriminazione motivate da orientamenti sessuali,&nbsp;ma la legge non pu\u00f2 promuovere una visione antropologica, come invece&nbsp;fa l'articolo 1, in particolare la lettera d). Non avevo piena&nbsp;consapevolezza in prima lettura alla Camera, quando ho votato a&nbsp;favore. L'ascolto di mesi di discussioni e tanti approfondimenti sono&nbsp;stati utili a capire meglio.<\/p>\n\n\n\n<p>La proposta va corretta, almeno per&nbsp;evitare un precedente pericolosissimo e l'incostituzionalit\u00e0, a&nbsp;giudizio di autorevolissimi giuristi, anche di area progressista e&nbsp;liberale come l'ex presidente della Consulta Giovanni Maria Flick o il&nbsp;prof. Natalino Irti\". Lo scrive in un post su Facebook Stefano&nbsp;Fassina, Deputato Leu.<\/p>\n\n\n\n<p>\"Inoltre va corretta \u2013 aggiunge - perch\u00e9 \u00e8 grave per la qualit\u00e0 della&nbsp;nostra democrazia costituzionale procedere in totale disponibilit\u00e0&nbsp;all'ascolto e, anche in misura minimale, all'accoglimento dei rilievi&nbsp;seri e fondati di settori del Parlamento, di fasce larghe e&nbsp;qualificate della cultura e della societ\u00e0 civile e religiosa. La&nbsp;democrazia non funziona cos\u00ec, non pu\u00f2 funzionare cos\u00ec, soprattutto su&nbsp;questioni di portata antropologica\".&nbsp;\"Ripeto qui -conclude Fassina- l'appello fatto una decina di giorni fa&nbsp;al Partito democratico: promuova un'apertura alle modifiche&nbsp;imprescindibili e chieda un impegno pubblico a tutti i partiti della&nbsp;maggioranza per l'immediata approvazione del ddl nella terza lettura&nbsp;alla Camera. Le evidenti strumentalizzazioni di alcuni gruppi politici&nbsp;sono inaccettabili, ma non giustificano l'arroccamento nell'errore\".<\/p>\n\n\n\n<p>\"La proposta di Ostellari, che elimina 'identit\u00e0 di&nbsp;genere', esclude ogni tutela per le persone trans. Irricevibile tentativo di&nbsp;mediazione sulla pelle delle persone pi\u00f9 discriminate fra i discriminati.&nbsp;L'Italia ha il pi\u00f9 alto numero di omicidi in Europa di persone trans\". Cos\u00ec&nbsp;Alessandro Zan, deputato del Pd e primo firmatario del disegno di legge contro&nbsp;l'omotransfobia. Poi sottolinea: \"Ho i brividi se penso a accordo Renzi-Salvini\".<\/p>\n\n\n\n<p>\"Noi dobbiamo tutelare le persone che rischiano la&nbsp;pelle ogni giorno per un diritto negato: oggi valuteremo se ci sono le&nbsp;convergenze necessarie all\u2019intesa. Non capisco davvero perch\u00e9 non si possa&nbsp;tornare al testo Scalfarotto: nessuno mi spiega perch\u00e9 nel merito non possiamo&nbsp;mediare su un testo firmato da tutto il mondo progressista a luglio 2018,&nbsp;compreso da Zan. Chiedo dunque: perch\u00e9 se la destra ci dovesse dire di s\u00ec, il&nbsp;centrosinistra dice di no? Perch\u00e9 un partito riformista come il Pd deve avere&nbsp;la posizione pi\u00f9 estrema? Sono diventati un partito dove pu\u00f2 stare bene&nbsp;Fratoianni, noi andiamo avanti nello spazio del riformismo liberale\". Cos\u00ec il&nbsp;presidente dei senatori di Italia Viva Davide Faraone a Omnibus.<\/p>\n\n\n\n<p>\"Chi vuole andare al voto oggi pomeriggio lo fa a rischio&nbsp;della vita della legge Zan. Non \u00e8 quello che vogliamo, noi vogliamo una&nbsp;mediazione che la faccia sopravvivere. E a chi sostiene che le eventuali&nbsp;modifiche al Senato comporterebbero dei problemi alla Camera, dico che basta un&nbsp;accordo politico per farla passare anche a Montecitorio in una settimana\".&nbsp;Annamaria Bernini, capogruppo di Forza Italia a Palazzo Madama, lo dice ai&nbsp;cronisti dopo la riunione di maggioranza sul ddl.<\/p>\n\n\n\n<p>I voti per approvare il ddl Zan nell'Aula&nbsp;del Senato \"se Italia viva garantisse i suoi ci sarebbero\".&nbsp;Alessandra Maiorino, senatrice M5S, co-auttrice del ddl Zan, lo&nbsp;dice lasciando il tavolo di maggioranza convocato a Palazzo&nbsp;Giustiniani.&nbsp;\"Ci sono gi\u00e0 stati punti di mediazione dei quali il M5S non \u00e8&nbsp;stato felicissimo, come gli articoli 1 e 4, ma sono articoli che&nbsp;non fanno danno, possono restare. Noi non li abbiamo voluti, li&nbsp;ha voluti Bonetti, quindi Italia viva, l'art. 1, e l'art. 4 lo ha&nbsp;voluto Forza Italia, anche se il proponente \u00e8 passato ad altra&nbsp;forza politica\", attacca Maiorino.<\/p>\n\n\n\n<p>, \"le stesse forze che criticano i loro stessi&nbsp;articoli\", rileva la senatrice M5S, \"siamo in un gioco politico&nbsp;difficile da capire per i cittadini fori da questi palazzi,&nbsp;soprattutto i giovani che sono mille anni avanti a noi e non si&nbsp;spiegano il motivo del contendere, visto che l'orientamento&nbsp;sessuale e l'identit\u00e0 di genere fa gia parte integrante delle&nbsp;loro vite\".<\/p>\n\n\n\n<p>\"Di fronte al tentativo del Presidente Ostellari di&nbsp;privare completamente di tutele le persone trans eliminando l'espressione&nbsp;\"identit\u00e0 di genere\", mi auguro che tutte le forze che hanno votato il ddl Zan&nbsp;alla Camera facciano quadrato attorno al testo. Finalmente la Lega ha gettato la&nbsp;maschera e si \u00e8 capito che non vogliono questa legge facendo di tutto per&nbsp;affossarla. Chi si presta a questo gioco allo sfascio, sulla pelle delle&nbsp;persone, ne sar\u00e0 responsabile\". Lo dichiara la senatrice Monica Cirinn\u00e0,&nbsp;responsabile Diritti del Pd.<\/p>\n","protected":false},"excerpt":{"rendered":"<p>Roma,6 Giu 2021 &#8211; L&#8217;Aula del Senato ha confermato la\u00a0calendarizzazione della legge sull&#8217;omofobia il 13 luglio alle\u00a016,30. L&#8217;Aula ha infatti respinto i calendari alternativi\u00a0proposti da&#8230;<\/p>\n","protected":false},"author":2,"featured_media":209067,"comment_status":"closed","ping_status":"open","sticky":false,"template":"","format":"standard","meta":[],"categories":[49,51],"tags":[],"_links":{"self":[{"href":"https:\/\/www.cronacaonline.it\/index.php\/wp-json\/wp\/v2\/posts\/209066"}],"collection":[{"href":"https:\/\/www.cronacaonline.it\/index.php\/wp-json\/wp\/v2\/posts"}],"about":[{"href":"https:\/\/www.cronacaonline.it\/index.php\/wp-json\/wp\/v2\/types\/post"}],"author":[{"embeddable":true,"href":"https:\/\/www.cronacaonline.it\/index.php\/wp-json\/wp\/v2\/users\/2"}],"replies":[{"embeddable":true,"href":"https:\/\/www.cronacaonline.it\/index.php\/wp-json\/wp\/v2\/comments?post=209066"}],"version-history":[{"count":1,"href":"https:\/\/www.cronacaonline.it\/index.php\/wp-json\/wp\/v2\/posts\/209066\/revisions"}],"predecessor-version":[{"id":209068,"href":"https:\/\/www.cronacaonline.it\/index.php\/wp-json\/wp\/v2\/posts\/209066\/revisions\/209068"}],"wp:featuredmedia":[{"embeddable":true,"href":"https:\/\/www.cronacaonline.it\/index.php\/wp-json\/wp\/v2\/media\/209067"}],"wp:attachment":[{"href":"https:\/\/www.cronacaonline.it\/index.php\/wp-json\/wp\/v2\/media?parent=209066"}],"wp:term":[{"taxonomy":"category","embeddable":true,"href":"https:\/\/www.cronacaonline.it\/index.php\/wp-json\/wp\/v2\/categories?post=209066"},{"taxonomy":"post_tag","embeddable":true,"href":"https:\/\/www.cronacaonline.it\/index.php\/wp-json\/wp\/v2\/tags?post=209066"}],"curies":[{"name":"wp","href":"https:\/\/api.w.org\/{rel}","templated":true}]}}