{"id":209054,"date":"2021-07-06T18:02:18","date_gmt":"2021-07-06T16:02:18","guid":{"rendered":"https:\/\/www.cronacaonline.it\/?p=209054"},"modified":"2021-07-06T18:02:20","modified_gmt":"2021-07-06T16:02:20","slug":"covid-ministro-della-salute-roberto-speranza-risaliti-contagi-in-paesi-europei-e-mondo-cautela-avanti-con-vaccini","status":"publish","type":"post","link":"https:\/\/www.cronacaonline.it\/index.php\/2021\/07\/06\/covid-ministro-della-salute-roberto-speranza-risaliti-contagi-in-paesi-europei-e-mondo-cautela-avanti-con-vaccini\/","title":{"rendered":"Covid &#8211; Ministro della Salute Roberto Speranza: &#8220;Risaliti contagi in paesi europei e mondo, cautela. Avanti con vaccini&#8221;."},"content":{"rendered":"\n<p>Roma, 6 Lug 2021 - \"Viviamo settimane molto delicate, direi\u00a0cruciali, nella lotta contro il Covid, che \u00e8 stata\u00a0naturalmente la nostra priorit\u00e0 in questo anno e mezzo cos\u00ec\u00a0difficile. Abbiamo constatato come, con l'evoluzione della\u00a0campagna vaccinale, c'\u00e8 stata una riduzione fortissima sia del\u00a0numero dei contagiati sia del numero di occupazione di posti\u00a0letto in area medica e in terapia intensiva. Sono numeri\u00a0importanti, che testimoniano come la campagna di vaccinazione sia\u00a0stata davvero essenziale\". Cos\u00ec il ministro della Salute, Roberto\u00a0Speranza, in un videomessaggio inviato in occasione dell'evento\u00a0dal titolo 'Battere il cancro \u00e8 possibile - L'opportunit\u00e0 per\u00a0l'Italia' organizzato dalla rivista Fortune Italia.<\/p>\n\n\n\n<p>\"L'Italia ha superato le 54 milioni di dosi somministrate - ha&nbsp;proseguito Speranza - e abbiamo un ritmo che continua ad essere&nbsp;molto elevato: oltre 500mila dosi somministrate ogni giorno e&nbsp;dobbiamo insistere su questa strada\".&nbsp;Nel giro di poche settimane, ha poi ricordato il ministro,&nbsp;siamo passati da \"quasi 3.800 persone in terapia intensiva a poco meno di 200, quindi oltre il 90% in meno; abbiamo sfiorato le&nbsp;30mila persone ricoverate, ora siamo sotto le 1.500, anche in&nbsp;questo caso siamo circa al 95% in meno. E dobbiamo insistere - ha&nbsp;sottolineato ancora Speranza - perch\u00e9 la campagna di vaccinazione&nbsp;\u00e8 lo strumento essenziale che abbiamo a disposizione per metterci&nbsp;alle spalle questa stagione cos\u00ec difficile\".<\/p>\n\n\n\n<p>Ma per il ministro&nbsp;dobbiamo essere consapevoli che \"la pandemia non \u00e8 ancora finita,&nbsp;lo testimoniano anche i numeri di altri Paesi europei e del&nbsp;mondo, che vedono i contagi risalire nonostante l'alto tasso di&nbsp;vaccinazione\". Per questo occorre \"massima attenzione, cautela e&nbsp;prudenza e continuare in questo lavoro imponente che sono le&nbsp;vaccinazioni\", ha aggiunto. Oggi \"abbiamo una straordinaria&nbsp;opportunit\u00e0: 20 miliardi del Pnrr\", il Piano nazionale di ripresa e&nbsp;resilienza, \"che possono consentirci di disegnare la sanit\u00e0 del&nbsp;futuro - ha proseguito il ministro - E questa \u00e8 una grande occasione di trasformare la crisi in&nbsp;un'opportunit\u00e0. Su questo dobbiamo lavorare, dobbiamo metterci tutta&nbsp;la determinazione possibile. Dobbiamo costruire un grande patto Paese&nbsp;per fare davvero quel salto di qualit\u00e0 di cui tutti abbiamo bisogno\".<\/p>\n\n\n\n<p>\"Il Servizio Sanitario Nazionale deve recuperare il&nbsp;tempo perduto perch\u00e9 la battaglia contro il Covid ci ha portato ad accumulare&nbsp;problemi, ritardi: interventi visite, screening non fatti. Per questo ho voluto&nbsp;che anche negli ultimi provvedimenti si recuperassero risorse: il mezzo miliardo&nbsp;che avevamo individuato per provare a velocizzare il recupero di questi&nbsp;interventi e visite non fatte. Ma bisogner\u00e0 fare molto presto ancora di pi\u00f9&nbsp;perch\u00e9 questa \u00e8 davvero una priorit\u00e0 assoluta\" ha proseguito ancora Speranza.&nbsp;\"Insieme alle regioni - dice - dobbiamo lavorare perch\u00e9 si recuperi il tempo&nbsp;perduto e si ripristini pienamente la funzionalit\u00e0 del Servizio Sanitario&nbsp;Nazionale su tutte le patologie non Covid\".<\/p>\n","protected":false},"excerpt":{"rendered":"<p>Roma, 6 Lug 2021 &#8211; &#8220;Viviamo settimane molto delicate, direi\u00a0cruciali, nella lotta contro il Covid, che \u00e8 stata\u00a0naturalmente la nostra priorit\u00e0 in questo anno e&#8230;<\/p>\n","protected":false},"author":2,"featured_media":204624,"comment_status":"closed","ping_status":"open","sticky":false,"template":"","format":"standard","meta":[],"categories":[49,50],"tags":[],"_links":{"self":[{"href":"https:\/\/www.cronacaonline.it\/index.php\/wp-json\/wp\/v2\/posts\/209054"}],"collection":[{"href":"https:\/\/www.cronacaonline.it\/index.php\/wp-json\/wp\/v2\/posts"}],"about":[{"href":"https:\/\/www.cronacaonline.it\/index.php\/wp-json\/wp\/v2\/types\/post"}],"author":[{"embeddable":true,"href":"https:\/\/www.cronacaonline.it\/index.php\/wp-json\/wp\/v2\/users\/2"}],"replies":[{"embeddable":true,"href":"https:\/\/www.cronacaonline.it\/index.php\/wp-json\/wp\/v2\/comments?post=209054"}],"version-history":[{"count":1,"href":"https:\/\/www.cronacaonline.it\/index.php\/wp-json\/wp\/v2\/posts\/209054\/revisions"}],"predecessor-version":[{"id":209055,"href":"https:\/\/www.cronacaonline.it\/index.php\/wp-json\/wp\/v2\/posts\/209054\/revisions\/209055"}],"wp:featuredmedia":[{"embeddable":true,"href":"https:\/\/www.cronacaonline.it\/index.php\/wp-json\/wp\/v2\/media\/204624"}],"wp:attachment":[{"href":"https:\/\/www.cronacaonline.it\/index.php\/wp-json\/wp\/v2\/media?parent=209054"}],"wp:term":[{"taxonomy":"category","embeddable":true,"href":"https:\/\/www.cronacaonline.it\/index.php\/wp-json\/wp\/v2\/categories?post=209054"},{"taxonomy":"post_tag","embeddable":true,"href":"https:\/\/www.cronacaonline.it\/index.php\/wp-json\/wp\/v2\/tags?post=209054"}],"curies":[{"name":"wp","href":"https:\/\/api.w.org\/{rel}","templated":true}]}}