{"id":209017,"date":"2021-07-05T17:10:20","date_gmt":"2021-07-05T15:10:20","guid":{"rendered":"https:\/\/www.cronacaonline.it\/?p=209017"},"modified":"2021-07-05T17:10:22","modified_gmt":"2021-07-05T15:10:22","slug":"alleta-di-78-anni-e-venuta-mancare-agli-italiani-la-grande-raffaella-carra","status":"publish","type":"post","link":"https:\/\/www.cronacaonline.it\/index.php\/2021\/07\/05\/alleta-di-78-anni-e-venuta-mancare-agli-italiani-la-grande-raffaella-carra\/","title":{"rendered":"All\u2019et\u00e0 di 78 anni e venuta mancare agli italiani la grande Raffaella Carr\u00e0."},"content":{"rendered":"\n<p>Roma, 5 Lug 2021 - \u00c8 morta all'et\u00e0 di 78 anni Raffaella Carr\u00e0. \"Raffaella ci ha lasciati. E' andata in un mondo migliore, dove la sua umanit\u00e0, la sua inconfondibile risata e il suo straordinario talento risplenderanno per sempre\". Con queste parole Sergio Japino d\u00e0 il triste annuncio unendosi al dolore degli adorati nipoti Federica e Matteo, di Barbara, Paola e Claudia Boncompagni, degli amici di una vita e dei collaboratori pi\u00f9 stretti.\u00a0<\/p>\n\n\n\n<p>Durante la sua lunga carriera&nbsp;Raffaella Carr\u00e0 \u00e8 diventata un'icona della musica e della televisione italiana, riscontrando grandi consensi anche all'estero, soprattutto in Spagna.<\/p>\n\n\n\n<p>\"Raffaella Carr\u00e0 si \u00e8 spenta alle ore 16.20 di oggi, dopo una malattia che da qualche tempo aveva attaccato quel suo corpo cos\u00ec minuto eppure cos\u00ec pieno di straripante energia\", si legge in comunicato diffuso dalle agenzie.<\/p>\n\n\n\n<p>\"Una forza inarrestabile la sua, che l'ha imposta ai vertici dello star system mondiale, una volont\u00e0 ferrea che fino all'ultimo non l'ha mai abbandonata, facendo s\u00ec che nulla trapelasse della sua profonda sofferenza. L'ennesimo gesto d'amore verso il suo pubblico e verso coloro che ne hanno condiviso l'affetto, affinch\u00e9 il suo personale calvario non avesse a turbare il luminoso ricordo di lei\".<\/p>\n\n\n\n<p>\"Donna fuori dal comune eppure dotata di spiazzante semplicit\u00e0, non aveva avuto figli ma di figli - diceva sempre lei - ne aveva a migliaia, come i 150mila fatti adottare a distanza grazie ad \"Amore\", il programma che pi\u00f9 di tutti le era rimasto nel cuore\".<\/p>\n\n\n\n<p>Le esequie saranno definite a breve.<\/p>\n\n\n\n<p>\"Nelle sue ultime disposizioni, Raffaella ha chiesto una semplice bara di legno grezzo e un'urna per contenere le sue ceneri. Nell'ora pi\u00f9 triste, sempre unica e inimitabile, come la sua travolgente risata\", si legge ancora nel comunicato.<\/p>\n\n\n\n<p>Nata a Bologna il 18 giugno 1943 come Raffaella Maria Roberta Pelloni, la ballerina e cantante Raffaella Carr\u00e0, dopo il debutto in televisione in \"Tempo di danza\" (1961), al fianco di Lelio Luttazzi, e nella commedia musicale \"Scaramouche\" (1965), nel 1970 approd\u00f2 a Canzonissima, divenendo nota al grande pubblico. Fu cos\u00ec che la Carr\u00e0 divenne la prima showgirl del piccolo schermo in bianco e nero.<\/p>\n\n\n\n<p>Notevole successo ottenne nel 1984 con \"Pronto, Raffaella\", che raggiunse ascolti straordinari per la fascia meridiana. Conduttrice di \"Domenica in\" (1986) sempre per la Rai, nel 1987 pass\u00f2 per un breve periodo a Canale 5, per poi tornare nel 1991 a Raiuno con la trasmissione \"Fantastico 12\". Dopo una parentesi di quattro anni a Madrid, dove port\u00f2 il programma \"Hola Raffaella\" per la televisione spagnola, \u00e8 rientrata in Italia nel 1995 riproponendosi con successo in \"Carramba! Che sorpresa\" (1995-97 e 2002), trasmissione ispirata al variet\u00e0 britannico \"Surprise, surprise\".<\/p>\n\n\n\n<p>Ha quindi continuato a raccogliere consensi presentando \"Carramba! Che fortuna\" (1998-2000 e 2008) e \"Segreti e \u2026 bugie\" (1999), sempre su Raiuno. Nel 2001 ha condotto il Festival di Sanremo, nel 2004 il programma \"Sogni\", mentre dedicato alle adozioni a distanza \u00e8 stato \"Amore\" del 2006. Nel 2007 \u00e8 uscito \"Raffica Carr\u00e0\", raccolta videomusicale delle numerose sigle televisive che ha interpretato. Nel 2013 \u00e8 tornata sul piccolo schermo su Raidue come coach del talentshow \"The Voice of Italy\" ed \u00e8 uscito il suo ultimo album \"Replay\". Nel 2015 ha condotto su Raiuno il talent show \"Forte forte forte\" e ha interrotto la sua partecipazione a \"The Voice of Italy\", ripresa l'anno successivo. Del 2019 \u00e8 il suo ultimo programma \"A raccontare comincia tu\" su Raitre.<\/p>\n","protected":false},"excerpt":{"rendered":"<p>Roma, 5 Lug 2021 &#8211; \u00c8 morta all&#8217;et\u00e0 di 78 anni Raffaella Carr\u00e0. &#8220;Raffaella ci ha lasciati. E&#8217; andata in un mondo migliore, dove la&#8230;<\/p>\n","protected":false},"author":2,"featured_media":209018,"comment_status":"closed","ping_status":"open","sticky":false,"template":"","format":"standard","meta":[],"categories":[49,50],"tags":[],"_links":{"self":[{"href":"https:\/\/www.cronacaonline.it\/index.php\/wp-json\/wp\/v2\/posts\/209017"}],"collection":[{"href":"https:\/\/www.cronacaonline.it\/index.php\/wp-json\/wp\/v2\/posts"}],"about":[{"href":"https:\/\/www.cronacaonline.it\/index.php\/wp-json\/wp\/v2\/types\/post"}],"author":[{"embeddable":true,"href":"https:\/\/www.cronacaonline.it\/index.php\/wp-json\/wp\/v2\/users\/2"}],"replies":[{"embeddable":true,"href":"https:\/\/www.cronacaonline.it\/index.php\/wp-json\/wp\/v2\/comments?post=209017"}],"version-history":[{"count":1,"href":"https:\/\/www.cronacaonline.it\/index.php\/wp-json\/wp\/v2\/posts\/209017\/revisions"}],"predecessor-version":[{"id":209019,"href":"https:\/\/www.cronacaonline.it\/index.php\/wp-json\/wp\/v2\/posts\/209017\/revisions\/209019"}],"wp:featuredmedia":[{"embeddable":true,"href":"https:\/\/www.cronacaonline.it\/index.php\/wp-json\/wp\/v2\/media\/209018"}],"wp:attachment":[{"href":"https:\/\/www.cronacaonline.it\/index.php\/wp-json\/wp\/v2\/media?parent=209017"}],"wp:term":[{"taxonomy":"category","embeddable":true,"href":"https:\/\/www.cronacaonline.it\/index.php\/wp-json\/wp\/v2\/categories?post=209017"},{"taxonomy":"post_tag","embeddable":true,"href":"https:\/\/www.cronacaonline.it\/index.php\/wp-json\/wp\/v2\/tags?post=209017"}],"curies":[{"name":"wp","href":"https:\/\/api.w.org\/{rel}","templated":true}]}}