{"id":208995,"date":"2021-07-05T09:42:49","date_gmt":"2021-07-05T07:42:49","guid":{"rendered":"https:\/\/www.cronacaonline.it\/?p=208995"},"modified":"2021-07-05T09:42:50","modified_gmt":"2021-07-05T07:42:50","slug":"il-papa-e-stato-operato-al-colon-al-policlinico-gemelli-portavoce-ha-reagito-bene","status":"publish","type":"post","link":"https:\/\/www.cronacaonline.it\/index.php\/2021\/07\/05\/il-papa-e-stato-operato-al-colon-al-policlinico-gemelli-portavoce-ha-reagito-bene\/","title":{"rendered":"Il Papa \u00e8 stato operato al colon al Policlinico Gemelli, portavoce: &#8220;Ha reagito bene\u201d."},"content":{"rendered":"\n<p>Cagliari, 5 Lug 2021 - Papa Francesco ha trascorso la prima notte al Policlinico Gemelli di Roma dopo l'operazione chirurgica per stenosi diverticolare del sigma. Secondo quanto si apprende, il Papa ha reagito bene all'intervento condotto in anestesia generale. E ha trascorso una notte tranquilla. Le finestre della sezione del decimo piano dell'ospedale che ospita Francesco sono rimaste chiuse per tutta la notte. In uno dei parcheggi dell'ospedale romano, fotografi e cameramen, insieme ai giornalisti, hanno puntato lo sguardo verso le finestre per cogliere qualche segnale. Ma tutto \u00e8 rimasto avvolto nel silenzio.<\/p>\n\n\n\n<p>Prima notte di ricovero, decorso regolare Notte tranquilla per papa Francesco ricoverato al Policlinico Gemelli, la prima dopo l'intervento chirurgico cui \u00e8 stato sottoposto ieri sera, programmato per una stenosi diverticolare del sigma, e al quale il Pontefice \"ha reagito bene\", secondo il bollettino diffuso in tarda serata. Fonti ospedaliere riferiscono informalmente di un decorso post-operatorio regolare. Il Papa, stando alle previsioni, dovrebbe restare al Gemelli per almeno cinque giorni.<\/p>\n\n\n\n<p>Ci sono due infermieri del Vaticano che assistono da ieri pomeriggio Papa Francesco al Policlinico Gemelli di Roma. Oltre al personale medico e infermieristico del Policlinico ci sono Massimiliano Strappetti, sanitario della Citt\u00e0 del Vaticano, ed un altro infermiere di fiducia sempre del Vaticano. Al Gemelli \u00e8 inoltre presente una rappresentanza della Gendarmeria Vaticana e un responsabile per la sicurezza che affianca la polizia di Stato.<\/p>\n\n\n\n<p>\"Il Papa, ricoverato nel pomeriggio al Policlinico A. Gemelli, \u00e8 stato sottoposto in serata all'operazione chirurgica programmata per stenosi diverticolare del sigma\", ha dichiarato il direttore della Sala stampa vaticana Matteo Bruni, poco prima della mezzanotte. \"Il Santo Padre ha reagito bene all'intervento condotto in anestesia generale ed eseguito dal Prof. Sergio Alfieri, con l'assistenza del Prof. Luigi Sofo, del dott. Antonio Tortorelli e della dott.ssa Roberta Menghi\", aggiunge.<\/p>\n\n\n\n<p>\"L'anestesia - spiega in una nota - \u00e8 stata condotta dal Prof. Massimo Antonelli, dalla Prof.ssa Liliana Sollazzi e dai dottori Roberto De Cicco e Maurizio Soave. Erano altres\u00ec presenti in sala operatoria il Prof. Giovanni Battista Doglietto ed il Prof. Roberto Bernabei\".<\/p>\n\n\n\n<p>Il Papa si era \u00e8 recato nel pomeriggio presso l'ospedale per un intervento gi\u00e0 programmato, per una stenosi diverticolare sintomatica del colon.&nbsp;<\/p>\n\n\n\n<p>Poche ore prima Bergoglio era apparso, in buono stato di salute, alle tradizionali preghiere dell'Angelus, in piazza San Pietro: tra l'altro, dalla finestra del suo ufficio nel Palazzo Apostolico, Francesco ha annunciato che dal 12 al 15 settembre si recher\u00e0 in Slovacchia e in Ungheria incontrer\u00e0 anche Viktor Orban.<\/p>\n\n\n\n<p>Erano da poco passate le 15.00 quando l'auto di Bergoglio, come di consueto, senza particolari segni di riconoscimento, ha lasciato il Pontefice all'ingresso della struttura ospedaliera del Gemelli. Con lui solo un ridottissimo seguito: soltanto l'autista e uno stretto collaboratore di Francesco. In quel momento, nessuno dei normali degenti del Gemelli si \u00e8 accorto di qualcosa di particolare che stesse accadendo. Nessuno neanche della gran parte del personale del policlinico universitario - se non i medici direttamente coinvolti - era a conoscenza dell'intervento chirurgico cui doveva essere sottoposto il Papa.<\/p>\n\n\n\n<p>Per la degenza al Gemelli, Francesco \u00e8 stato sistemato al decimo piano del Policlinico universitario, negli stessi locali che in passato hanno gi\u00e0 ospitato i ricoveri papali, come quelli di Giovanni Paolo II. Lo confermano all'Ansa fonti dell'ospedale.&nbsp;<\/p>\n\n\n\n<p>\"Santit\u00e0, atterrato a Parigi per la Visita di Stato che mi accingo a iniziare nella vicina e amica Francia, ho appreso del suo ricovero al Policlinico Gemelli. L'affettuoso pensiero degli italiani tutti, di cui mi faccio interprete unendovi il mio personale, accompagna in queste ore Vostra Santit\u00e0, unitamente ai pi\u00f9 cordiali auguri di buona convalescenza e ancor migliore e pronta guarigione\". Lo scrive il presidente della Repubblica Sergio Mattarella in un messaggio a Papa Francesco.&nbsp;<\/p>\n\n\n\n<p>Numerosi altri messaggi sono giunti da esponenti istituzionali e politici, dal presidente del Senato, Casellati, al presidente dell'Europarlamento, Sassoli.<\/p>\n\n\n\n<p>La comunit\u00e0 diocesana di Roma \u00e8 vicina \"al nostro Vescovo Papa Francesco\" e gli esprime \"tutto il suo affetto e la sua devozione filiale in questo momento di malattia\". \"Tutto il popolo santo fedele di Dio che \u00e8 in Roma, insieme ai cittadini e a tutti gli uomini di buona volont\u00e0, convivo senso di partecipazione e di prossimit\u00e0 al Santo Padre eleva preghiere e suppliche al Signore perch\u00e9 con l'aiuto della sua grazia, sostenga e consoli il nostro amato Vescovo durante la convalescenza post-operatoria\", si legge in un comunicato del Vicariato di Roma.&nbsp;\"Da tutta la comunit\u00e0 ecclesiale di Roma, insieme al Cardinale Vicario Angelo De Donatis e al consiglio episcopale, ai parroci, a tutti i vicari e collaboratori parrocchiali, ai religiosi, alle religiose, ai diaconi e ai seminaristi, da tuttala sua comunit\u00e0 romana l'augurio pi\u00f9 sincero di una pronta guarigione!\", aggiunge la nota.<\/p>\n","protected":false},"excerpt":{"rendered":"<p>Cagliari, 5 Lug 2021 &#8211; Papa Francesco ha trascorso la prima notte al Policlinico Gemelli di Roma dopo l&#8217;operazione chirurgica per stenosi diverticolare del sigma.&#8230;<\/p>\n","protected":false},"author":2,"featured_media":208985,"comment_status":"closed","ping_status":"open","sticky":false,"template":"","format":"standard","meta":[],"categories":[49,50],"tags":[],"_links":{"self":[{"href":"https:\/\/www.cronacaonline.it\/index.php\/wp-json\/wp\/v2\/posts\/208995"}],"collection":[{"href":"https:\/\/www.cronacaonline.it\/index.php\/wp-json\/wp\/v2\/posts"}],"about":[{"href":"https:\/\/www.cronacaonline.it\/index.php\/wp-json\/wp\/v2\/types\/post"}],"author":[{"embeddable":true,"href":"https:\/\/www.cronacaonline.it\/index.php\/wp-json\/wp\/v2\/users\/2"}],"replies":[{"embeddable":true,"href":"https:\/\/www.cronacaonline.it\/index.php\/wp-json\/wp\/v2\/comments?post=208995"}],"version-history":[{"count":1,"href":"https:\/\/www.cronacaonline.it\/index.php\/wp-json\/wp\/v2\/posts\/208995\/revisions"}],"predecessor-version":[{"id":208996,"href":"https:\/\/www.cronacaonline.it\/index.php\/wp-json\/wp\/v2\/posts\/208995\/revisions\/208996"}],"wp:featuredmedia":[{"embeddable":true,"href":"https:\/\/www.cronacaonline.it\/index.php\/wp-json\/wp\/v2\/media\/208985"}],"wp:attachment":[{"href":"https:\/\/www.cronacaonline.it\/index.php\/wp-json\/wp\/v2\/media?parent=208995"}],"wp:term":[{"taxonomy":"category","embeddable":true,"href":"https:\/\/www.cronacaonline.it\/index.php\/wp-json\/wp\/v2\/categories?post=208995"},{"taxonomy":"post_tag","embeddable":true,"href":"https:\/\/www.cronacaonline.it\/index.php\/wp-json\/wp\/v2\/tags?post=208995"}],"curies":[{"name":"wp","href":"https:\/\/api.w.org\/{rel}","templated":true}]}}