{"id":208987,"date":"2021-07-04T17:37:49","date_gmt":"2021-07-04T15:37:49","guid":{"rendered":"https:\/\/www.cronacaonline.it\/?p=208987"},"modified":"2021-07-04T17:37:51","modified_gmt":"2021-07-04T15:37:51","slug":"coronavirus-nelle-ultime-24-ore-in-italia-si-e-registrato-il-dato-piu-basso-da-quando-e-scoppiata-la-pandemia-808-nuovi-casi-e-12-vittime-in-tutta-la-nazione","status":"publish","type":"post","link":"https:\/\/www.cronacaonline.it\/index.php\/2021\/07\/04\/coronavirus-nelle-ultime-24-ore-in-italia-si-e-registrato-il-dato-piu-basso-da-quando-e-scoppiata-la-pandemia-808-nuovi-casi-e-12-vittime-in-tutta-la-nazione\/","title":{"rendered":"Coronavirus, nelle ultime 24 ore in Italia si \u00e8 registrato il dato pi\u00f9 basso da quando \u00e8 scoppiata la pandemia: 808 nuovi casi e 12 vittime in tutta la Nazione."},"content":{"rendered":"\n<p>Roma, 4 Lug 2021 - Sono 808 i positivi al test del\u00a0coronavirus in Italia nelle ultime 24 ore, secondo i dati del\u00a0ministero della Salute. Ieri erano stati 932. Sono invece 12 le\u00a0vittime in un giorno, mentre ieri erano state 22.<\/p>\n\n\n\n<p>Sono 141.640 i tamponi molecolari e&nbsp;antigenici per il coronavirus effettuati nelle ultime 24 ore in&nbsp;Italia. Ieri erano&nbsp;stati 228.127. Il tasso di positivit\u00e0 \u00e8 allo 0,57%, in leggera&nbsp;crescita rispetto allo 0,4% di ieri.<\/p>\n\n\n\n<p>Scendono sotto i 200 i pazienti&nbsp;ricoverati per Covid in terapia intensiva: sono 197, con un calo&nbsp;di 7 unit\u00e0 rispetto a ieri nel saldo quotidiano tra entrate e&nbsp;uscite. Gli ingressi giornalieri, secondo i dati del ministero&nbsp;della Salute, sono 7, mentre ieri erano stati 2. I ricoverati&nbsp;con sintomi nei reparti ordinari sono 1.364, in calo di 30 unit\u00e0&nbsp;rispetto a ieri.<\/p>\n\n\n\n<p>I casi in Italia dall'inizio&nbsp;dell'epidemia sono 4.263.317, i morti 127.649. I dimessi ed i&nbsp;guariti sono invece 4.091.004, con un incremento di 1.706&nbsp;rispetto a ieri, mentre gli attualmente positivi scendono a&nbsp;44.664 in calo di 912 nelle ultime 24 ore. In isolamento&nbsp;domiciliare ci sono 43.103 persone (-875).&nbsp;<\/p>\n\n\n\n<p>Sul fronte delle regioni la&nbsp;Lombardia \u00e8 prima per nuovi casi (131), seguita da Campania (110)&nbsp;e Sicilia (102) mentre la Valle d'Aosta registra 0 casi.<\/p>\n","protected":false},"excerpt":{"rendered":"<p>Roma, 4 Lug 2021 &#8211; Sono 808 i positivi al test del\u00a0coronavirus in Italia nelle ultime 24 ore, secondo i dati del\u00a0ministero della Salute. Ieri&#8230;<\/p>\n","protected":false},"author":2,"featured_media":202929,"comment_status":"closed","ping_status":"open","sticky":false,"template":"","format":"standard","meta":[],"categories":[49,50],"tags":[],"_links":{"self":[{"href":"https:\/\/www.cronacaonline.it\/index.php\/wp-json\/wp\/v2\/posts\/208987"}],"collection":[{"href":"https:\/\/www.cronacaonline.it\/index.php\/wp-json\/wp\/v2\/posts"}],"about":[{"href":"https:\/\/www.cronacaonline.it\/index.php\/wp-json\/wp\/v2\/types\/post"}],"author":[{"embeddable":true,"href":"https:\/\/www.cronacaonline.it\/index.php\/wp-json\/wp\/v2\/users\/2"}],"replies":[{"embeddable":true,"href":"https:\/\/www.cronacaonline.it\/index.php\/wp-json\/wp\/v2\/comments?post=208987"}],"version-history":[{"count":1,"href":"https:\/\/www.cronacaonline.it\/index.php\/wp-json\/wp\/v2\/posts\/208987\/revisions"}],"predecessor-version":[{"id":208988,"href":"https:\/\/www.cronacaonline.it\/index.php\/wp-json\/wp\/v2\/posts\/208987\/revisions\/208988"}],"wp:featuredmedia":[{"embeddable":true,"href":"https:\/\/www.cronacaonline.it\/index.php\/wp-json\/wp\/v2\/media\/202929"}],"wp:attachment":[{"href":"https:\/\/www.cronacaonline.it\/index.php\/wp-json\/wp\/v2\/media?parent=208987"}],"wp:term":[{"taxonomy":"category","embeddable":true,"href":"https:\/\/www.cronacaonline.it\/index.php\/wp-json\/wp\/v2\/categories?post=208987"},{"taxonomy":"post_tag","embeddable":true,"href":"https:\/\/www.cronacaonline.it\/index.php\/wp-json\/wp\/v2\/tags?post=208987"}],"curies":[{"name":"wp","href":"https:\/\/api.w.org\/{rel}","templated":true}]}}