{"id":208978,"date":"2021-07-04T14:57:26","date_gmt":"2021-07-04T12:57:26","guid":{"rendered":"https:\/\/www.cronacaonline.it\/?p=208978"},"modified":"2021-07-04T14:57:27","modified_gmt":"2021-07-04T12:57:27","slug":"la-maggioranza-assoluta-dei-brasiliani-vogliono-fuori-dalla-presidenza-a-centinaia-di-migliaia-in-piazza-contro-bolsonaro","status":"publish","type":"post","link":"https:\/\/www.cronacaonline.it\/index.php\/2021\/07\/04\/la-maggioranza-assoluta-dei-brasiliani-vogliono-fuori-dalla-presidenza-a-centinaia-di-migliaia-in-piazza-contro-bolsonaro\/","title":{"rendered":"La maggioranza assoluta dei brasiliani vogliono fuori dalla presidenza: a centinaia di migliaia in piazza contro Bolsonaro."},"content":{"rendered":"\n<p>Cagliari, 4 Lug 2021 - Questo \u00e8 stato il terzo giorno di mobilitazione dalla fine di maggio per chiedere le dimissioni di Bolsonaro, che sta anche affrontando un'inchiesta parlamentare sulla gestione della pandemia di coronavirus che finora \u00e8 costata pi\u00f9 di 500.000 morti nel Paese di 212 milioni di abitanti. Ci sono stati sit-in anche nelle citt\u00e0 di San Paolo, Belem, Recife e Maceio. Nei primi due mesi di audizioni, la commissione parlamentare d'inchiesta si \u00e8 concentrata sui ritardi del governo nell'ordinare le forniture di vaccini, anche se ha promosso farmaci inefficaci come l'idrossiclorochina e mentre Bolsonaro sminuiva misure come il distanziamento e l'uso di mascherine.\u00a0<\/p>\n\n\n\n<p>L'inchiesta ha preso una svolta improvvisa, tuttavia, dopo che un funzionario del ministero della salute, Luis Ricardo Miranda, ha detto di aver subito una pressione \"atipica, eccessiva\" per approvare l'acquisto di tre milioni di dosi del vaccino Covaxin di fabbricazione indiana ad un costo molto pi\u00f9 alto rispetto ad altri vaccini. Miranda ha detto di aver trasmesso personalmente i suoi sospetti a Bolsonaro e che il presidente ha indicato che avrebbe sollevato la questione con la polizia federale. A quanto pare non l'ha fatto. Questo ha portato i procuratori federali ad annunciare ieri che stavano indagando per determinare se Bolsonaro avesse commesso un crimine non denunciando la presunta frode.<\/p>\n\n\n\n<p>Bolsonaro, eletto nell'autunno del 2019, ha respinto tutte le denunce di corruzione del governo, bollando invece l'inchiesta parlamentare come un \"anticamera\" politica volta a costringerlo a lasciare l'incarico. L'opposizione questa settimana ha presentato una \"super-impeachment-request\" che elenca decine di accuse, alcune vecchie, altre nuove, contro il presidente.<\/p>\n","protected":false},"excerpt":{"rendered":"<p>Cagliari, 4 Lug 2021 &#8211; Questo \u00e8 stato il terzo giorno di mobilitazione dalla fine di maggio per chiedere le dimissioni di Bolsonaro, che sta&#8230;<\/p>\n","protected":false},"author":2,"featured_media":208979,"comment_status":"closed","ping_status":"open","sticky":false,"template":"","format":"standard","meta":[],"categories":[49,51],"tags":[],"_links":{"self":[{"href":"https:\/\/www.cronacaonline.it\/index.php\/wp-json\/wp\/v2\/posts\/208978"}],"collection":[{"href":"https:\/\/www.cronacaonline.it\/index.php\/wp-json\/wp\/v2\/posts"}],"about":[{"href":"https:\/\/www.cronacaonline.it\/index.php\/wp-json\/wp\/v2\/types\/post"}],"author":[{"embeddable":true,"href":"https:\/\/www.cronacaonline.it\/index.php\/wp-json\/wp\/v2\/users\/2"}],"replies":[{"embeddable":true,"href":"https:\/\/www.cronacaonline.it\/index.php\/wp-json\/wp\/v2\/comments?post=208978"}],"version-history":[{"count":1,"href":"https:\/\/www.cronacaonline.it\/index.php\/wp-json\/wp\/v2\/posts\/208978\/revisions"}],"predecessor-version":[{"id":208980,"href":"https:\/\/www.cronacaonline.it\/index.php\/wp-json\/wp\/v2\/posts\/208978\/revisions\/208980"}],"wp:featuredmedia":[{"embeddable":true,"href":"https:\/\/www.cronacaonline.it\/index.php\/wp-json\/wp\/v2\/media\/208979"}],"wp:attachment":[{"href":"https:\/\/www.cronacaonline.it\/index.php\/wp-json\/wp\/v2\/media?parent=208978"}],"wp:term":[{"taxonomy":"category","embeddable":true,"href":"https:\/\/www.cronacaonline.it\/index.php\/wp-json\/wp\/v2\/categories?post=208978"},{"taxonomy":"post_tag","embeddable":true,"href":"https:\/\/www.cronacaonline.it\/index.php\/wp-json\/wp\/v2\/tags?post=208978"}],"curies":[{"name":"wp","href":"https:\/\/api.w.org\/{rel}","templated":true}]}}