{"id":208877,"date":"2021-07-02T11:04:38","date_gmt":"2021-07-02T09:04:38","guid":{"rendered":"https:\/\/www.cronacaonline.it\/?p=208877"},"modified":"2021-07-02T11:04:39","modified_gmt":"2021-07-02T09:04:39","slug":"scende-indice-contagio-nazionale-e-incidenza-passa-da-11-a-9-casi-su-100mila-abitanti","status":"publish","type":"post","link":"https:\/\/www.cronacaonline.it\/index.php\/2021\/07\/02\/scende-indice-contagio-nazionale-e-incidenza-passa-da-11-a-9-casi-su-100mila-abitanti\/","title":{"rendered":"Scende indice contagio nazionale e incidenza passa da 11 a 9 casi su 100mila abitanti."},"content":{"rendered":"\n<p>Roma, 2 Lug 2021 - Continua la riduzione dell'Rt nazionale a 0.63 rispetto allo 0.69 della settimana scorsa e scende ancora l'incidenza dei casi di Covid in Italia a 9 casi ogni 100 mila abitanti rispetto agli 11 di 7 giorni fa.\u00a0 Sono, secondo quanto si apprende, i dati contenuti nella bozza di monitoraggio settimana Iss-Ministero della Salute sull'andamento dei contagi da coronavirus in Italia, ora all'esame della cabina di regia, che saranno presentati oggi.<\/p>\n\n\n\n<p>Sebbene in assoluto i nuovi casi siano in diminuzione, la proporzione di casi di infezione da virus Sars-CoV-2 causati da varianti delta e kappa (la seconda faceva parte della famiglia della variate delta ed \u00e8 ora distinta) \u00e8 in aumento in Italia. La maggior parte di questi casi \u00e8 attribuibili a focolai circoscritti in varie parti del paese. I tecnici nel documento chiedono, visto l'aumento dei casi anche in paesi con alta copertura vaccinale, un capillare tracciamento e sequenziamento dei casi e un'elevata copertura vaccinale con il completamento dei cicli.<\/p>\n\n\n\n<p>Tutte le Regioni e le province autonome sono a rischio basso e nessuna&nbsp;supera la soglia critica di occupazione dei posti letto in terapia intensiva o area medica. Il tasso di occupazione in terapia intensiva \u00e8 3% (la soglia critica \u00e8 il 30%) con una diminuzione nel numero di persone ricoverate che passa da 362 (22\/06\/2021) a 240(29\/06\/2021). Il tasso di occupazione in aree mediche a livello nazionale scende ulteriormente e si attesta al 3% (soglia critica 40%). Il numero di persone ricoverate in queste aree passa da 2.289 (22\/06\/2021) a 1.676 (29\/06\/2021).<\/p>\n","protected":false},"excerpt":{"rendered":"<p>Roma, 2 Lug 2021 &#8211; Continua la riduzione dell&#8217;Rt nazionale a 0.63 rispetto allo 0.69 della settimana scorsa e scende ancora l&#8217;incidenza dei casi di&#8230;<\/p>\n","protected":false},"author":2,"featured_media":208878,"comment_status":"closed","ping_status":"open","sticky":false,"template":"","format":"standard","meta":[],"categories":[49,50],"tags":[],"_links":{"self":[{"href":"https:\/\/www.cronacaonline.it\/index.php\/wp-json\/wp\/v2\/posts\/208877"}],"collection":[{"href":"https:\/\/www.cronacaonline.it\/index.php\/wp-json\/wp\/v2\/posts"}],"about":[{"href":"https:\/\/www.cronacaonline.it\/index.php\/wp-json\/wp\/v2\/types\/post"}],"author":[{"embeddable":true,"href":"https:\/\/www.cronacaonline.it\/index.php\/wp-json\/wp\/v2\/users\/2"}],"replies":[{"embeddable":true,"href":"https:\/\/www.cronacaonline.it\/index.php\/wp-json\/wp\/v2\/comments?post=208877"}],"version-history":[{"count":1,"href":"https:\/\/www.cronacaonline.it\/index.php\/wp-json\/wp\/v2\/posts\/208877\/revisions"}],"predecessor-version":[{"id":208879,"href":"https:\/\/www.cronacaonline.it\/index.php\/wp-json\/wp\/v2\/posts\/208877\/revisions\/208879"}],"wp:featuredmedia":[{"embeddable":true,"href":"https:\/\/www.cronacaonline.it\/index.php\/wp-json\/wp\/v2\/media\/208878"}],"wp:attachment":[{"href":"https:\/\/www.cronacaonline.it\/index.php\/wp-json\/wp\/v2\/media?parent=208877"}],"wp:term":[{"taxonomy":"category","embeddable":true,"href":"https:\/\/www.cronacaonline.it\/index.php\/wp-json\/wp\/v2\/categories?post=208877"},{"taxonomy":"post_tag","embeddable":true,"href":"https:\/\/www.cronacaonline.it\/index.php\/wp-json\/wp\/v2\/tags?post=208877"}],"curies":[{"name":"wp","href":"https:\/\/api.w.org\/{rel}","templated":true}]}}