{"id":208806,"date":"2021-06-30T17:08:23","date_gmt":"2021-06-30T15:08:23","guid":{"rendered":"https:\/\/www.cronacaonline.it\/?p=208806"},"modified":"2021-06-30T17:08:24","modified_gmt":"2021-06-30T15:08:24","slug":"omofobia-forza-italia-e-lega-contro-e-il-partito-della-meloni-pure-scintille-al-tavolo-sul-ddl-zan","status":"publish","type":"post","link":"https:\/\/www.cronacaonline.it\/index.php\/2021\/06\/30\/omofobia-forza-italia-e-lega-contro-e-il-partito-della-meloni-pure-scintille-al-tavolo-sul-ddl-zan\/","title":{"rendered":"Omofobia: Forza Italia e Lega contro e il partito della Meloni pure: scintille al tavolo sul Ddl Zan."},"content":{"rendered":"\n<p>Roma, 30 Giu 2021 - Confermato il ddl Zan come testo base in commissione Giustizia per il provvedimento contro l'omotransfobia. Respinta la proposta di Lega e Forza Italia di unificarlo al testo Ronzulli. Pd e M5s puntano a portarlo in Aula nella settimana del 13 luglio e ad approvarlo cos\u00ec come uscito dalla Camera.\u00a0Da qui a venerd\u00ec il presidente della Commissione Giustizia del Senato, Andrea Ostellari, raccoglier\u00e0 le proposte di modifica.\u00a0Il tavolo di maggioranza convocato oggi si aggiorner\u00e0 marted\u00ec\u00a0alle 11, prima della convocazione dell'Aula del Senato che voter\u00e0 sulla calendarizzazione del ddl. Entro venerd\u00ec prossimo i senatori potranno presentare le proposte di modifica al testo e il presidente, Andrea Ostellari, tenter\u00e0 di farne una sintesi. La\u00a0previsione,\u00a0alla vigilia della riunione odierna, sulla\u00a0difficolt\u00e0 di avvicinare le posizioni, \u00e8 stata\u00a0subito confermata in apertura di discussione.\u00a0<\/p>\n\n\n\n<p>Lega contro lo Zan come testo base e contro la calendarizzazione in aula, come chiedevano&nbsp;invece Pd, M5S, Leu e Iv.&nbsp; La Lega era&nbsp;per proseguire la discussione in commissione.<\/p>\n\n\n\n<p>Durante la riunione i leghisti avrebbero ribadito le loro perplessit\u00e0 sul provvedimento che andrebbe modificato in larga parte.<\/p>\n\n\n\n<p>Alcune proposte di modifica sarebbero invece state avanzate da Italia Viva, che ha insistito&nbsp;per trovare un accordo al tavolo. In assenza di un'intesa si rischia il pantano parlamentare e potrebbe saltare l'approvazione definitiva del disegno di legge, votato alla Camera il 4 novembre scorso.<\/p>\n","protected":false},"excerpt":{"rendered":"<p>Roma, 30 Giu 2021 &#8211; Confermato il ddl Zan come testo base in commissione Giustizia per il provvedimento contro l&#8217;omotransfobia. Respinta la proposta di Lega&#8230;<\/p>\n","protected":false},"author":2,"featured_media":198199,"comment_status":"closed","ping_status":"open","sticky":false,"template":"","format":"standard","meta":[],"categories":[49,51],"tags":[],"_links":{"self":[{"href":"https:\/\/www.cronacaonline.it\/index.php\/wp-json\/wp\/v2\/posts\/208806"}],"collection":[{"href":"https:\/\/www.cronacaonline.it\/index.php\/wp-json\/wp\/v2\/posts"}],"about":[{"href":"https:\/\/www.cronacaonline.it\/index.php\/wp-json\/wp\/v2\/types\/post"}],"author":[{"embeddable":true,"href":"https:\/\/www.cronacaonline.it\/index.php\/wp-json\/wp\/v2\/users\/2"}],"replies":[{"embeddable":true,"href":"https:\/\/www.cronacaonline.it\/index.php\/wp-json\/wp\/v2\/comments?post=208806"}],"version-history":[{"count":1,"href":"https:\/\/www.cronacaonline.it\/index.php\/wp-json\/wp\/v2\/posts\/208806\/revisions"}],"predecessor-version":[{"id":208807,"href":"https:\/\/www.cronacaonline.it\/index.php\/wp-json\/wp\/v2\/posts\/208806\/revisions\/208807"}],"wp:featuredmedia":[{"embeddable":true,"href":"https:\/\/www.cronacaonline.it\/index.php\/wp-json\/wp\/v2\/media\/198199"}],"wp:attachment":[{"href":"https:\/\/www.cronacaonline.it\/index.php\/wp-json\/wp\/v2\/media?parent=208806"}],"wp:term":[{"taxonomy":"category","embeddable":true,"href":"https:\/\/www.cronacaonline.it\/index.php\/wp-json\/wp\/v2\/categories?post=208806"},{"taxonomy":"post_tag","embeddable":true,"href":"https:\/\/www.cronacaonline.it\/index.php\/wp-json\/wp\/v2\/tags?post=208806"}],"curies":[{"name":"wp","href":"https:\/\/api.w.org\/{rel}","templated":true}]}}