{"id":208768,"date":"2021-06-29T18:20:08","date_gmt":"2021-06-29T16:20:08","guid":{"rendered":"https:\/\/www.cronacaonline.it\/?p=208768"},"modified":"2021-06-29T18:20:09","modified_gmt":"2021-06-29T16:20:09","slug":"grillo-risponde-a-quanto-detto-ieri-da-conte-e-lo-manda-a-casa-senza-ripensamenti-indette-per-lelezione-del-gruppo-dirigenti-del-m5s-sulla-piattaforma-rousseau","status":"publish","type":"post","link":"https:\/\/www.cronacaonline.it\/index.php\/2021\/06\/29\/grillo-risponde-a-quanto-detto-ieri-da-conte-e-lo-manda-a-casa-senza-ripensamenti-indette-per-lelezione-del-gruppo-dirigenti-del-m5s-sulla-piattaforma-rousseau\/","title":{"rendered":"Grillo risponde a quanto detto ieri da Conte e lo manda a casa senza ripensamenti. Indette per l\u2019elezione del gruppo dirigenti del M5S sulla piattaforma Rousseau."},"content":{"rendered":"\n<p>Roma, 29 Giu 2021 \u2013 Beppe Grillo con un lungo post sul suo blog personale, licenzia Conte. Tutti oggi aspettavano una risposta pi\u00f9 ponderata e moderata e speravano che i due potessero ricomporre la frattura. Oramai insansabile. Ma come si sa due super capi in un solo partito non funzionano. E, quindi, oggi ha risposto a quanto detto ieri da Conte, che aveva lanciato un ultimatum al fondatore genovese dei Cinquestelle: prendere o lasciare. E Grillo ha lasciato. Anzi ha licenziato senza previso l\u2019avvocato del popolo rimasto ora, forse senza popolo. In attesa di altri sviluppi.<\/p>\n\n\n\n<p>Certamente per i pentastellati non si prevedono giorni sereni e si potrebbe anche verificare una grave spaccatura nei gruppi parlamenti specialmente tra quelli che hanno finito i due mandati e avendo preso gusto a guadagnare molto lavorando poco (tanti giunti li senza avere nessun titolo o competenza) per non dover tornare alla vita grama, di molti, di prima.<\/p>\n\n\n\n<p>Di seguito il testo integrale di Grillo:<\/p>\n\n\n\n<p>\u201cMi sento cos\u00ec: come se fossi circondato da tossicodipendenti che mi chiedono di poter avere la pasticca che far\u00e0 credere a tutti che i problemi sono spariti e che dia l\u2019illusione (almeno per qualche mese, forse non di pi\u00f9) che si \u00e8 pi\u00f9 potenti di quello che in realt\u00e0 si \u00e8 davvero, pensando che Conte sia la persona giusta per questo.<\/p>\n\n\n\n<p>Ma Conte pu\u00f2 creare l\u2019illusione collettiva (e momentanea) di aver risolto il problema elettorale, ma non \u00e8 il consenso elettorale il nostro vero problema. Il consenso \u00e8 solo l\u2019effetto delle vere cause, l\u2019immagine che si proietta sullo specchio. E invece vanno affrontate le cause per risolvere l\u2019effetto ossia i problemi politici (idee, progetti, visione) e i problemi organizzativi (merito, competenza, valori e rimanere movimento decentralizzato, ma efficiente).<\/p>\n\n\n\n<p>E Conte, mi dispiace, non potr\u00e0 risolverli perch\u00e9 non ha n\u00e9 visione politica, n\u00e9 capacit\u00e0 manageriali. Non ha esperienza di organizzazioni, n\u00e9 capacit\u00e0 di innovazione.<\/p>\n\n\n\n<p>Io questo l\u2019ho capito, e spero che possiate capirlo anche voi.<\/p>\n\n\n\n<p>Non possiamo lasciare che un movimento nato per diffondere la democrazia diretta e partecipata si trasformi in un partito unipersonale governato da uno statuto seicentesco.<\/p>\n\n\n\n<p>Le organizzazioni orizzontali come la nostra per risolvere i problemi non possono farlo delegando a una persona la soluzione perch\u00e9 non sarebbero in grado di interiorizzarla quella soluzione e di applicarla, ma deve essere avviato un processo opposto: fare in modo che la soluzione decisa, in modo condiviso, venga interiorizzata con una forte assunzione di responsabilit\u00e0 da parte di tutti e non di una sola persona. La trasformazione vera di una organizzazione come la nostra avviene solo cos\u00ec.<\/p>\n\n\n\n<p>La deresponsabilizzazione delle persone con la delega ad un singolo nelle organizzazioni orizzontali \u00e8 il principale motivo del loro fallimento.<\/p>\n\n\n\n<p>C\u2019\u00e8 un per\u00f2. Assumersi la responsabilit\u00e0 significa smettere di drogarsi, smettere di voler creare l\u2019illusione di una realt\u00e0 diversa da quella attuale ed affrontarla. Insieme, con i tempi e le modalit\u00e0 giuste.<\/p>\n\n\n\n<p>Come una famiglia, come una comunit\u00e0 che impara dagli errori e si mette in gioco senza rincorrere falsi miti, illusioni o principi azzurri che possano salvarla.<\/p>\n\n\n\n<p>Perci\u00f2 ind\u00ecco la consultazione in rete degli iscritti al MoVimento 5 Stelle per l\u2019elezione del Comitato Direttivo, che si terr\u00e0 sulla Piattaforma Rousseau.<\/p>\n\n\n\n<p>Il voto su qualsiasi altra piattaforma, infatti, esporrebbe il Movimento a ricorsi in Tribunale per la sua invalidazione, essendo previsto nell\u2019attuale statuto che gli strumenti informatici attraverso i quali l\u2019associazione si propone di organizzare le modalit\u00e0 telematiche di consultazione dei propri iscritti sono quelli di cui alla Piattaforma Rousseau (art. 1), e che la verifica dell\u2019abilitazione al voto dei votanti ed il conteggio dei voti sono effettuati in via automatica dal sistema informatico della medesima Piattaforma Rousseau (artt. 4 e 6).<\/p>\n\n\n\n<p>Ho, pertanto chiesto a Davide Casaleggio di consentire lo svolgimento di detta votazione sulla Piattaforma Rousseau e lui ha accettato.<\/p>\n\n\n\n<p>Chieder\u00f2, poi, al neo eletto Comitato direttivo di elaborare un piano di azione da qui al 2023. Qualcosa di concreto, indicando obiettivi, risorse, tempi, modalit\u00e0 di partecipazione vera e, soprattutto, concordando una visione a lungo termine, al 2050.<\/p>\n\n\n\n<p>Questo aspettano cittadini, iscritti ed elettori.<\/p>\n\n\n\n<p>Una visione chiara di dove vogliamo andare e in che modo.<\/p>\n\n\n\n<p>Il perch\u00e9, il cosa e il come.<\/p>\n\n\n\n<p>\u00c8 sempre stata la nostra forza: consentire a tutti di sapere quale sar\u00e0 il viaggio e accogliere chi \u00e8 pronto per una lunga marcia.<\/p>\n\n\n\n<p>In alto i cuori!<\/p>\n","protected":false},"excerpt":{"rendered":"<p>Roma, 29 Giu 2021 \u2013 Beppe Grillo con un lungo post sul suo blog personale, licenzia Conte. Tutti oggi aspettavano una risposta pi\u00f9 ponderata e&#8230;<\/p>\n","protected":false},"author":2,"featured_media":131840,"comment_status":"closed","ping_status":"open","sticky":false,"template":"","format":"standard","meta":[],"categories":[49,50],"tags":[],"_links":{"self":[{"href":"https:\/\/www.cronacaonline.it\/index.php\/wp-json\/wp\/v2\/posts\/208768"}],"collection":[{"href":"https:\/\/www.cronacaonline.it\/index.php\/wp-json\/wp\/v2\/posts"}],"about":[{"href":"https:\/\/www.cronacaonline.it\/index.php\/wp-json\/wp\/v2\/types\/post"}],"author":[{"embeddable":true,"href":"https:\/\/www.cronacaonline.it\/index.php\/wp-json\/wp\/v2\/users\/2"}],"replies":[{"embeddable":true,"href":"https:\/\/www.cronacaonline.it\/index.php\/wp-json\/wp\/v2\/comments?post=208768"}],"version-history":[{"count":1,"href":"https:\/\/www.cronacaonline.it\/index.php\/wp-json\/wp\/v2\/posts\/208768\/revisions"}],"predecessor-version":[{"id":208769,"href":"https:\/\/www.cronacaonline.it\/index.php\/wp-json\/wp\/v2\/posts\/208768\/revisions\/208769"}],"wp:featuredmedia":[{"embeddable":true,"href":"https:\/\/www.cronacaonline.it\/index.php\/wp-json\/wp\/v2\/media\/131840"}],"wp:attachment":[{"href":"https:\/\/www.cronacaonline.it\/index.php\/wp-json\/wp\/v2\/media?parent=208768"}],"wp:term":[{"taxonomy":"category","embeddable":true,"href":"https:\/\/www.cronacaonline.it\/index.php\/wp-json\/wp\/v2\/categories?post=208768"},{"taxonomy":"post_tag","embeddable":true,"href":"https:\/\/www.cronacaonline.it\/index.php\/wp-json\/wp\/v2\/tags?post=208768"}],"curies":[{"name":"wp","href":"https:\/\/api.w.org\/{rel}","templated":true}]}}